{"id":983,"date":"2026-07-09T17:36:56","date_gmt":"2026-07-09T15:36:56","guid":{"rendered":"https:\/\/www.dainonni.it\/montecatini\/?p=983"},"modified":"2026-07-09T19:05:08","modified_gmt":"2026-07-09T17:05:08","slug":"montecatini-val-di-cecina-guida","status":"publish","type":"post","link":"https:\/\/www.dainonni.it\/montecatini\/montecatini-val-di-cecina-guida\/","title":{"rendered":"Cosa vedere a Montecatini Val di Cecina: guida completa al borgo medievale"},"content":{"rendered":"\t\t<div data-elementor-type=\"wp-post\" data-elementor-id=\"983\" class=\"elementor elementor-983\">\n\t\t\t\t<div class=\"elementor-element elementor-element-844c30a e-flex e-con-boxed e-con e-parent\" data-id=\"844c30a\" data-element_type=\"container\" data-e-type=\"container\">\n\t\t\t\t\t<div class=\"e-con-inner\">\n\t\t\t\t\t<\/div>\n\t\t\t\t<\/div>\n\t\t<div class=\"elementor-element elementor-element-30df1e6 e-con-full e-flex e-con e-parent\" data-id=\"30df1e6\" data-element_type=\"container\" data-e-type=\"container\">\n\t\t\t\t<div class=\"elementor-element elementor-element-8b68bc4 elementor-widget elementor-widget-heading\" data-id=\"8b68bc4\" data-element_type=\"widget\" data-e-type=\"widget\" data-widget_type=\"heading.default\">\n\t\t\t\t\t<h1 class=\"elementor-heading-title elementor-size-default\">Cosa vedere a Montecatini Val di Cecina: guida completa al borgo medievale<\/h1>\t\t\t\t<\/div>\n\t\t\t\t<\/div>\n\t\t<div class=\"elementor-element elementor-element-5674d42 e-con-full e-flex e-con e-parent\" data-id=\"5674d42\" data-element_type=\"container\" data-e-type=\"container\" data-settings=\"{&quot;background_background&quot;:&quot;classic&quot;}\">\n\t\t<div class=\"elementor-element elementor-element-bacfd90 e-con-full e-flex e-con e-child\" data-id=\"bacfd90\" data-element_type=\"container\" data-e-type=\"container\">\n\t\t\t\t<div class=\"elementor-element elementor-element-14c38b8 elementor-widget elementor-widget-text-editor\" data-id=\"14c38b8\" data-element_type=\"widget\" data-e-type=\"widget\" data-widget_type=\"text-editor.default\">\n\t\t\t\t\t\t\t\t\t<p><strong>Montecatini Val di Cecina<\/strong> \u00e8 uno di quei borghi medievali che la Toscana non ha ancora messo sulle guide patinate. Nessuna fila ai musei, nessun bus turistico che occupa la piazza, nessun negozio di souvenir in serie. Solo vicoli in pietra, una torre medievale che sorride sulle colline, e l&#8217;odore del rag\u00f9 che esce da qualche finestra aperta.<\/p><p>Eppure questo piccolo comune della provincia di Pisa, incastonato tra le Colline Metallifere a soli 15 minuti da Volterra, nasconde una storia sorprendente: fu sede della miniera di rame pi\u00f9 grande d&#8217;Europa nell&#8217;Ottocento, conta monumenti medievali intatti e regala panorami sulle valli toscane che difficilmente dimenticherai.<\/p><p>In questo nostro articolo trovi tutto quello che devi sapere su <strong>cosa vedere a Montecatini Val di Cecina<\/strong>: attrazioni principali, cosa fare, dove dormire, dove mangiare e come arrivarci. Una guida pensata per chi ama la Toscana vera, lontana dal turismo di massa.<\/p>\t\t\t\t\t\t\t\t<\/div>\n\t\t\t\t<\/div>\n\t\t<div class=\"elementor-element elementor-element-08bb910 e-con-full e-flex e-con e-child\" data-id=\"08bb910\" data-element_type=\"container\" data-e-type=\"container\">\n\t\t\t\t<div class=\"elementor-element elementor-element-fecf940 elementor-widget elementor-widget-image\" data-id=\"fecf940\" data-element_type=\"widget\" data-e-type=\"widget\" data-widget_type=\"image.default\">\n\t\t\t\t\t\t\t\t\t\t\t\t\t\t\t<img fetchpriority=\"high\" decoding=\"async\" width=\"1000\" height=\"650\" src=\"https:\/\/www.dainonni.it\/montecatini\/wp-content\/uploads\/2026\/07\/cosa-vedere-montecatini-val-di-cecina.jpg\" class=\"attachment-large size-large wp-image-1052\" alt=\"cosa vedere montecatini val di cecina\" srcset=\"https:\/\/www.dainonni.it\/montecatini\/wp-content\/uploads\/2026\/07\/cosa-vedere-montecatini-val-di-cecina.jpg 1000w, https:\/\/www.dainonni.it\/montecatini\/wp-content\/uploads\/2026\/07\/cosa-vedere-montecatini-val-di-cecina-300x195.jpg 300w, https:\/\/www.dainonni.it\/montecatini\/wp-content\/uploads\/2026\/07\/cosa-vedere-montecatini-val-di-cecina-768x499.jpg 768w\" sizes=\"(max-width: 1000px) 100vw, 1000px\" \/>\t\t\t\t\t\t\t\t\t\t\t\t\t\t\t<\/div>\n\t\t\t\t<\/div>\n\t\t\t\t<\/div>\n\t\t<div class=\"elementor-element elementor-element-7e72b51 e-con-full e-flex e-con e-parent\" data-id=\"7e72b51\" data-element_type=\"container\" data-e-type=\"container\" data-settings=\"{&quot;background_background&quot;:&quot;classic&quot;}\">\n\t\t<div class=\"elementor-element elementor-element-1847c48 e-con-full e-flex e-con e-child\" data-id=\"1847c48\" data-element_type=\"container\" data-e-type=\"container\">\n\t\t\t\t<div class=\"elementor-element elementor-element-ef8ed2f elementor-widget elementor-widget-heading\" data-id=\"ef8ed2f\" data-element_type=\"widget\" data-e-type=\"widget\" data-widget_type=\"heading.default\">\n\t\t\t\t\t<h2 class=\"elementor-heading-title elementor-size-default\">Montecatini Val di Cecina: il borgo che la Toscana non ti ha ancora raccontato<\/h2>\t\t\t\t<\/div>\n\t\t\t\t<div class=\"elementor-element elementor-element-346c8e2 elementor-widget elementor-widget-text-editor\" data-id=\"346c8e2\" data-element_type=\"widget\" data-e-type=\"widget\" data-widget_type=\"text-editor.default\">\n\t\t\t\t\t\t\t\t\t<p>Dov&#8217;\u00e8 Montecatini Val di Cecina? Il nome originale in latino era Castrum Montis Leonis \u2014 il Castello del Monte del Leone \u2014 un baluardo medievale conteso per secoli tra Pisa e Volterra. Oggi Montecatini Val di Cecina \u00e8 un comune di circa 1.800 abitanti che ha conservato la struttura originaria del borgo: le mura, la torre, il palazzo pretorio, i vicoli stretti che salgono verso il belvedere.<\/p><p>Non \u00e8 una Toscana da cartolina costruita per i turisti, \u00e8 quella che gli italiani del posto vivono ogni giorno ed \u00e8 esattamente per questo che vale la pena venirci. Quali sono i <strong>paesi vicini a Montecatini Val di Cecina<\/strong>? Il borgo si trova in posizione strategica: a 15 km da Volterra, a 20 km dal Teatro del Silenzio di Bocelli a Lajatico, a 27 km dal mare della Costa degli Etruschi. Una base perfetta per esplorare l&#8217;Alta Val di Cecina senza le code e i prezzi delle mete pi\u00f9 famose.<\/p>\t\t\t\t\t\t\t\t<\/div>\n\t\t\t\t<\/div>\n\t\t\t\t<\/div>\n\t\t<div class=\"elementor-element elementor-element-bd7101c e-con-full e-flex e-con e-parent\" data-id=\"bd7101c\" data-element_type=\"container\" data-e-type=\"container\" data-settings=\"{&quot;background_background&quot;:&quot;classic&quot;}\">\n\t\t<div class=\"elementor-element elementor-element-6a7f8d5 e-con-full e-flex e-con e-child\" data-id=\"6a7f8d5\" data-element_type=\"container\" data-e-type=\"container\">\n\t\t\t\t<div class=\"elementor-element elementor-element-3e6e64a elementor-widget elementor-widget-heading\" data-id=\"3e6e64a\" data-element_type=\"widget\" data-e-type=\"widget\" data-widget_type=\"heading.default\">\n\t\t\t\t\t<h3 class=\"elementor-heading-title elementor-size-default\">Storia di Montecatini Val di Cecina<\/h3>\t\t\t\t<\/div>\n\t\t\t\t<div class=\"elementor-element elementor-element-b3d5d9c elementor-widget elementor-widget-text-editor\" data-id=\"b3d5d9c\" data-element_type=\"widget\" data-e-type=\"widget\" data-widget_type=\"text-editor.default\">\n\t\t\t\t\t\t\t\t\t<p>La <strong>storia di Montecatini Val di Cecina<\/strong> inizia nell&#8217;alto Medioevo, quando il borgo era un avamposto strategico conteso tra le potenti repubbliche di Pisa e Volterra. Le sue mura, la torre e il palazzo pretorio nacquero proprio per difendere questo lembo di Toscana interna, crocevia di strade e interessi commerciali tra il mare e l&#8217;entroterra.<br \/>Nel corso dei secoli il borgo cambi\u00f2 pi\u00f9 volte signoria, finendo sotto il controllo fiorentino nel Quattrocento insieme a gran parte della Toscana.<\/p><p>Ma la vera svolta arriv\u00f2 nell&#8217;Ottocento, quando le Colline Metallifere rivelarono il loro sottosuolo: fu allora che divenne il centro della miniera di rame pi\u00f9 grande d&#8217;Europa, con migliaia di operai, pozzi profondi centinaia di metri e un&#8217;attivit\u00e0 estrattiva che trasform\u00f2 per sempre il paesaggio e l&#8217;identit\u00e0 del territorio.<\/p><p>Finita l&#8217;era mineraria, il borgo \u00e8 tornato al suo ritmo lento. Le mura sono rimaste in piedi, la piazza \u00e8 rimasta la stessa, i vicoli conservano ancora la pietra grigia di sempre. \u00c8 questa continuit\u00e0 silenziosa \u2014 tra secoli di storia e vita quotidiana di paese \u2014 a rendere <strong>Montecatini Val di Cecina un posto diverso<\/strong> dagli altri borghi toscani. Scopri i <a href=\"https:\/\/www.dainonni.it\/montecatini\/dintorni-e-territorio\/\" target=\"_blank\" rel=\"noopener\">dintorni ed il nostro territorio<\/a>.\u00a0<\/p>\t\t\t\t\t\t\t\t<\/div>\n\t\t\t\t<\/div>\n\t\t<div class=\"elementor-element elementor-element-6dfaae2 e-con-full e-flex e-con e-child\" data-id=\"6dfaae2\" data-element_type=\"container\" data-e-type=\"container\">\n\t\t\t\t<div class=\"elementor-element elementor-element-df3afe3 elementor-widget elementor-widget-image\" data-id=\"df3afe3\" data-element_type=\"widget\" data-e-type=\"widget\" data-widget_type=\"image.default\">\n\t\t\t\t\t\t\t\t\t\t\t\t\t\t\t<img decoding=\"async\" width=\"650\" height=\"800\" src=\"https:\/\/www.dainonni.it\/montecatini\/wp-content\/uploads\/2026\/07\/storia-montecatini-val-di-cecina.jpg\" class=\"attachment-large size-large wp-image-1053\" alt=\"storia montecatini val di cecina\" srcset=\"https:\/\/www.dainonni.it\/montecatini\/wp-content\/uploads\/2026\/07\/storia-montecatini-val-di-cecina.jpg 650w, https:\/\/www.dainonni.it\/montecatini\/wp-content\/uploads\/2026\/07\/storia-montecatini-val-di-cecina-244x300.jpg 244w\" sizes=\"(max-width: 650px) 100vw, 650px\" \/>\t\t\t\t\t\t\t\t\t\t\t\t\t\t\t<\/div>\n\t\t\t\t<\/div>\n\t\t\t\t<\/div>\n\t\t<div class=\"elementor-element elementor-element-74243a1 e-con-full e-flex e-con e-parent\" data-id=\"74243a1\" data-element_type=\"container\" data-e-type=\"container\" data-settings=\"{&quot;background_background&quot;:&quot;classic&quot;}\">\n\t\t<div class=\"elementor-element elementor-element-f852630 e-con-full e-flex e-con e-child\" data-id=\"f852630\" data-element_type=\"container\" data-e-type=\"container\">\n\t\t\t\t<div class=\"elementor-element elementor-element-877b601 elementor-align-center elementor-widget elementor-widget-button\" data-id=\"877b601\" data-element_type=\"widget\" data-e-type=\"widget\" data-widget_type=\"button.default\">\n\t\t\t\t\t\t\t\t\t\t<a class=\"elementor-button elementor-button-link elementor-size-sm\" href=\"https:\/\/www.dainonni.it\/montecatini\/dintorni-e-territorio\/\">\n\t\t\t\t\t\t<span class=\"elementor-button-content-wrapper\">\n\t\t\t\t\t\t<span class=\"elementor-button-icon\">\n\t\t\t\t<svg aria-hidden=\"true\" class=\"e-font-icon-svg e-fas-map\" viewBox=\"0 0 576 512\" xmlns=\"http:\/\/www.w3.org\/2000\/svg\"><path d=\"M0 117.66v346.32c0 11.32 11.43 19.06 21.94 14.86L160 416V32L20.12 87.95A32.006 32.006 0 0 0 0 117.66zM192 416l192 64V96L192 32v384zM554.06 33.16L416 96v384l139.88-55.95A31.996 31.996 0 0 0 576 394.34V48.02c0-11.32-11.43-19.06-21.94-14.86z\"><\/path><\/svg>\t\t\t<\/span>\n\t\t\t\t\t\t\t\t\t<span class=\"elementor-button-text\">Scopri dintorni e territorio<\/span>\n\t\t\t\t\t<\/span>\n\t\t\t\t\t<\/a>\n\t\t\t\t\t\t\t\t<\/div>\n\t\t\t\t<\/div>\n\t\t\t\t<\/div>\n\t\t<div class=\"elementor-element elementor-element-036a25b e-con-full e-flex e-con e-parent\" data-id=\"036a25b\" data-element_type=\"container\" data-e-type=\"container\" data-settings=\"{&quot;background_background&quot;:&quot;classic&quot;}\">\n\t\t<div class=\"elementor-element elementor-element-f17b26d e-con-full e-flex e-con e-child\" data-id=\"f17b26d\" data-element_type=\"container\" data-e-type=\"container\">\n\t\t\t\t<div class=\"elementor-element elementor-element-83da8f2 elementor-widget elementor-widget-heading\" data-id=\"83da8f2\" data-element_type=\"widget\" data-e-type=\"widget\" data-widget_type=\"heading.default\">\n\t\t\t\t\t<h2 class=\"elementor-heading-title elementor-size-default\">Cosa vedere a Montecatini Val di Cecina: le tappe imperdibili<\/h2>\t\t\t\t<\/div>\n\t\t\t\t<div class=\"elementor-element elementor-element-97b9bff elementor-widget elementor-widget-text-editor\" data-id=\"97b9bff\" data-element_type=\"widget\" data-e-type=\"widget\" data-widget_type=\"text-editor.default\">\n\t\t\t\t\t\t\t\t\t<p><strong>Cosa vedere a Montecatini Val di Cecina<\/strong>? Il borgo si esplora a piedi, lentamente, senza fretta. Nel centro storico bastano poche centinaia di metri per passare dalla torre medievale alla piazza, dal museo alle vie lastricate. Eppure ogni angolo ha qualcosa da raccontare. Ecco le tappe che vale la pena non perdere.<\/p>\t\t\t\t\t\t\t\t<\/div>\n\t\t\t\t<\/div>\n\t\t\t\t<\/div>\n\t\t<div class=\"elementor-element elementor-element-44cadf8 e-con-full e-flex e-con e-parent\" data-id=\"44cadf8\" data-element_type=\"container\" data-e-type=\"container\" data-settings=\"{&quot;background_background&quot;:&quot;classic&quot;}\">\n\t\t<div class=\"elementor-element elementor-element-385cb8a e-con-full e-flex e-con e-child\" data-id=\"385cb8a\" data-element_type=\"container\" data-e-type=\"container\">\n\t\t\t\t<div class=\"elementor-element elementor-element-5d7a2b1 elementor-widget elementor-widget-heading\" data-id=\"5d7a2b1\" data-element_type=\"widget\" data-e-type=\"widget\" data-widget_type=\"heading.default\">\n\t\t\t\t\t<h3 class=\"elementor-heading-title elementor-size-default\">La Torre dei Belforti: il simbolo del borgo<\/h3>\t\t\t\t<\/div>\n\t\t\t\t<div class=\"elementor-element elementor-element-6e2b13e elementor-widget elementor-widget-text-editor\" data-id=\"6e2b13e\" data-element_type=\"widget\" data-e-type=\"widget\" data-widget_type=\"text-editor.default\">\n\t\t\t\t\t\t\t\t\t<p>Arrivando a <strong>Montecatini Val di Cecina la Torre dei Belforti<\/strong> \u00e8 la prima cosa che vedi e svetta sul borgo da oltre otto secoli. Costruita nell&#8217;XI secolo dalla potente famiglia Belforti di Volterra, \u00e8 uno dei pochi esempi superstiti di torre medievale a pianta quadrata in questa zona della Toscana.<br \/>Dalla sommit\u00e0, nelle giornate limpide, lo sguardo si perde all\u2019orizzonte. Il panorama abbraccia le Colline Metallifere, le valli del Cecina e \u2014 nelle giornate pi\u00f9 terse \u2014 si intuisce la sagoma delle isole dell&#8217;Arcipelago Toscano. Vale da sola il viaggio.<br \/>La torre \u00e8 visitabile con visite guidate organizzate dal Comune. <br \/>Consiglio: verifica gli <a href=\"https:\/\/www.comune.montecatini.pi.it\/it-it\/home\" target=\"_blank\" rel=\"nofollow noopener\">orari sul sito del Comune di Montecatini Val di Cecina<\/a> prima di partire, poich\u00e9 le aperture sono stagionali.<\/p>\t\t\t\t\t\t\t\t<\/div>\n\t\t\t\t<\/div>\n\t\t\t\t<\/div>\n\t\t<div class=\"elementor-element elementor-element-0815528 e-con-full e-flex e-con e-parent\" data-id=\"0815528\" data-element_type=\"container\" data-e-type=\"container\" data-settings=\"{&quot;background_background&quot;:&quot;classic&quot;}\">\n\t\t<div class=\"elementor-element elementor-element-2fbeb87 e-con-full e-flex e-con e-child\" data-id=\"2fbeb87\" data-element_type=\"container\" data-e-type=\"container\">\n\t\t\t\t<div class=\"elementor-element elementor-element-e173059 elementor-widget elementor-widget-heading\" data-id=\"e173059\" data-element_type=\"widget\" data-e-type=\"widget\" data-widget_type=\"heading.default\">\n\t\t\t\t\t<h3 class=\"elementor-heading-title elementor-size-default\">Il Palazzo Pretorio e i vicoli del centro storico<\/h3>\t\t\t\t<\/div>\n\t\t\t\t<div class=\"elementor-element elementor-element-36c9e97 elementor-widget elementor-widget-text-editor\" data-id=\"36c9e97\" data-element_type=\"widget\" data-e-type=\"widget\" data-widget_type=\"text-editor.default\">\n\t\t\t\t\t\t\t\t\t<p>A pochi passi dalla torre, il Palazzo Pretorio \u00e8 l&#8217;altro caposaldo del centro storico. La sua facciata conserva stemmi araldici delle famiglie che governarono il borgo nei secoli. Concediti una passeggiata lenta tra i <strong>vicoli lastricati di Montecatini Val di Cecina<\/strong>: i portali romanici, le case in pietra grigia, i glicini che a primavera ricoprono i muri. Questo \u00e8 uno di quei borghi in cui non servono attrazioni: basta camminare.<\/p>\t\t\t\t\t\t\t\t<\/div>\n\t\t\t\t<\/div>\n\t\t\t\t<\/div>\n\t\t<div class=\"elementor-element elementor-element-229f33b e-con-full e-flex e-con e-parent\" data-id=\"229f33b\" data-element_type=\"container\" data-e-type=\"container\" data-settings=\"{&quot;background_background&quot;:&quot;classic&quot;}\">\n\t\t<div class=\"elementor-element elementor-element-1a0db5d e-con-full e-flex e-con e-child\" data-id=\"1a0db5d\" data-element_type=\"container\" data-e-type=\"container\">\n\t\t\t\t<div class=\"elementor-element elementor-element-1e9ed43 elementor-widget elementor-widget-heading\" data-id=\"1e9ed43\" data-element_type=\"widget\" data-e-type=\"widget\" data-widget_type=\"heading.default\">\n\t\t\t\t\t<h3 class=\"elementor-heading-title elementor-size-default\">Il Museo delle Miniere di Montecatini Val di Cecina<\/h3>\t\t\t\t<\/div>\n\t\t\t\t<div class=\"elementor-element elementor-element-532f629 elementor-widget elementor-widget-text-editor\" data-id=\"532f629\" data-element_type=\"widget\" data-e-type=\"widget\" data-widget_type=\"text-editor.default\">\n\t\t\t\t\t\t\t\t\t<p>\u00c8 la sorpresa pi\u00f9 grande e forse la meno conosciuta: il <strong>Museo delle Miniere di Montecatini Val di Cecina<\/strong> racconta la storia straordinaria dell&#8217;attivit\u00e0 mineraria che per quasi un millennio ha segnato la vita di questo territorio.<\/p><p>Il borgo fu centro della pi\u00f9 grande miniera di rame d&#8217;Europa nell&#8217;Ottocento. Nei periodi di massima attivit\u00e0, i pozzi raggiungevano oltre 600 metri di profondit\u00e0 e impiegavano migliaia di operai. Il <a href=\"https:\/\/www.museodelleminieremontecatini.it\/\" target=\"_blank\" rel=\"nofollow noopener\">museo delle miniere custodisce strumenti<\/a>, fotografie storiche e documenti che restituiscono la vita durissima dei minatori e la portata economica di questa industria.<\/p><p>\u00c8 adatto a tutte le et\u00e0 ed \u00e8 particolarmente apprezzato dai bambini, incuriositi dai macchinari e dagli ambienti ricostruiti.<\/p>\t\t\t\t\t\t\t\t<\/div>\n\t\t\t\t<\/div>\n\t\t<div class=\"elementor-element elementor-element-504ecd0 e-con-full e-flex e-con e-child\" data-id=\"504ecd0\" data-element_type=\"container\" data-e-type=\"container\">\n\t\t\t\t<div class=\"elementor-element elementor-element-c09ca47 elementor-widget elementor-widget-image\" data-id=\"c09ca47\" data-element_type=\"widget\" data-e-type=\"widget\" data-widget_type=\"image.default\">\n\t\t\t\t\t\t\t\t\t\t\t\t\t\t\t<img decoding=\"async\" width=\"650\" height=\"900\" src=\"https:\/\/www.dainonni.it\/montecatini\/wp-content\/uploads\/2026\/07\/museo-miniere-montecatini-val-di-cecina.jpg\" class=\"attachment-large size-large wp-image-1057\" alt=\"museo miniere montecatini val di cecina\" srcset=\"https:\/\/www.dainonni.it\/montecatini\/wp-content\/uploads\/2026\/07\/museo-miniere-montecatini-val-di-cecina.jpg 650w, https:\/\/www.dainonni.it\/montecatini\/wp-content\/uploads\/2026\/07\/museo-miniere-montecatini-val-di-cecina-217x300.jpg 217w\" sizes=\"(max-width: 650px) 100vw, 650px\" \/>\t\t\t\t\t\t\t\t\t\t\t\t\t\t\t<\/div>\n\t\t\t\t<\/div>\n\t\t\t\t<\/div>\n\t\t<div class=\"elementor-element elementor-element-3f1829b e-con-full e-flex e-con e-parent\" data-id=\"3f1829b\" data-element_type=\"container\" data-e-type=\"container\" data-settings=\"{&quot;background_background&quot;:&quot;classic&quot;}\">\n\t\t<div class=\"elementor-element elementor-element-c2b145f e-con-full e-flex e-con e-child\" data-id=\"c2b145f\" data-element_type=\"container\" data-e-type=\"container\">\n\t\t\t\t<div class=\"elementor-element elementor-element-b96bc66 elementor-widget elementor-widget-heading\" data-id=\"b96bc66\" data-element_type=\"widget\" data-e-type=\"widget\" data-widget_type=\"heading.default\">\n\t\t\t\t\t<h3 class=\"elementor-heading-title elementor-size-default\">La Laveria Leopolda e il Pozzo Alfredo<\/h3>\t\t\t\t<\/div>\n\t\t\t\t<div class=\"elementor-element elementor-element-7df83ee elementor-widget elementor-widget-text-editor\" data-id=\"7df83ee\" data-element_type=\"widget\" data-e-type=\"widget\" data-widget_type=\"text-editor.default\">\n\t\t\t\t\t\t\t\t\t<p>A circa 1 km dal centro del borgo, nella zona di Caporciano, si trovano i resti monumentali dell&#8217;impianto minerario: la Laveria Leopolda \u2014 dove il minerale veniva separato e lavorato \u2014 e il Pozzo Alfredo, il pozzo principale dell&#8217;intero sistema estrattivo.<br \/>Questi edifici industriali dell&#8217;Ottocento rappresentano oggi un esempio raro di archeologia industriale in Toscana. Passeggiare tra queste strutture \u00e8 un&#8217;esperienza che unisce storia, architettura e paesaggio in modo insolito e affascinante.<\/p>\t\t\t\t\t\t\t\t<\/div>\n\t\t\t\t<\/div>\n\t\t<div class=\"elementor-element elementor-element-d75fb3d e-con-full e-flex e-con e-child\" data-id=\"d75fb3d\" data-element_type=\"container\" data-e-type=\"container\">\n\t\t\t\t<div class=\"elementor-element elementor-element-0446816 elementor-widget elementor-widget-image\" data-id=\"0446816\" data-element_type=\"widget\" data-e-type=\"widget\" data-widget_type=\"image.default\">\n\t\t\t\t\t\t\t\t\t\t\t\t\t\t\t<img loading=\"lazy\" decoding=\"async\" width=\"900\" height=\"650\" src=\"https:\/\/www.dainonni.it\/montecatini\/wp-content\/uploads\/2026\/07\/pozzo-alfredo-montecatini-val-di-cecina.jpg\" class=\"attachment-large size-large wp-image-1059\" alt=\"pozzo alfredo montecatini val di cecina\" srcset=\"https:\/\/www.dainonni.it\/montecatini\/wp-content\/uploads\/2026\/07\/pozzo-alfredo-montecatini-val-di-cecina.jpg 900w, https:\/\/www.dainonni.it\/montecatini\/wp-content\/uploads\/2026\/07\/pozzo-alfredo-montecatini-val-di-cecina-300x217.jpg 300w, https:\/\/www.dainonni.it\/montecatini\/wp-content\/uploads\/2026\/07\/pozzo-alfredo-montecatini-val-di-cecina-768x555.jpg 768w\" sizes=\"(max-width: 900px) 100vw, 900px\" \/>\t\t\t\t\t\t\t\t\t\t\t\t\t\t\t<\/div>\n\t\t\t\t<\/div>\n\t\t\t\t<\/div>\n\t\t<div class=\"elementor-element elementor-element-828e41a e-con-full e-flex e-con e-parent\" data-id=\"828e41a\" data-element_type=\"container\" data-e-type=\"container\" data-settings=\"{&quot;background_background&quot;:&quot;classic&quot;}\">\n\t\t<div class=\"elementor-element elementor-element-5bc194a e-con-full e-flex e-con e-child\" data-id=\"5bc194a\" data-element_type=\"container\" data-e-type=\"container\">\n\t\t\t\t<div class=\"elementor-element elementor-element-4822931 elementor-widget elementor-widget-heading\" data-id=\"4822931\" data-element_type=\"widget\" data-e-type=\"widget\" data-widget_type=\"heading.default\">\n\t\t\t\t\t<h3 class=\"elementor-heading-title elementor-size-default\">La Piazza del Borgo e La \"Terrazza sul Borgo\"<\/h3>\t\t\t\t<\/div>\n\t\t\t\t<div class=\"elementor-element elementor-element-e5e72de elementor-widget elementor-widget-text-editor\" data-id=\"e5e72de\" data-element_type=\"widget\" data-e-type=\"widget\" data-widget_type=\"text-editor.default\">\n\t\t\t\t\t\t\t\t\t<p>Ogni borgo medievale ha il suo cuore, a Montecatini Val di Cecina la piazza centrale \u00e8 quella dove la sera gli anziani giocano a carte, i bambini corrono e l&#8217;aria profuma di cucina toscana. Affacciato sulla piazza c&#8217;\u00e8 \u201c<a href=\"https:\/\/ristorantelaterrazzasulborgo.it\/\" target=\"_blank\" rel=\"noopener nofollow\">La Terrazza sul Borgo<\/a>\u201d, il ristorante della nostra famiglia, insieme al quale gestiamo gli Appartamenti \u201cDai Nonni\u201d.<\/p><p>Con 236 recensioni e il titolo di miglior ristorante di Montecatini Val di Cecina su TripAdvisor, \u00e8 il posto giusto per assaggiare la cucina toscana vera: pappardelle al cinghiale, pecorino delle Balze Volterrane, vini del Montescudaio DOC.<\/p>\t\t\t\t\t\t\t\t<\/div>\n\t\t\t\t<\/div>\n\t\t<div class=\"elementor-element elementor-element-d829fd7 e-con-full e-flex e-con e-child\" data-id=\"d829fd7\" data-element_type=\"container\" data-e-type=\"container\">\n\t\t\t\t<div class=\"elementor-element elementor-element-d1dc5bc elementor-widget elementor-widget-image\" data-id=\"d1dc5bc\" data-element_type=\"widget\" data-e-type=\"widget\" data-widget_type=\"image.default\">\n\t\t\t\t\t\t\t\t\t\t\t\t\t\t\t<img loading=\"lazy\" decoding=\"async\" width=\"900\" height=\"650\" src=\"https:\/\/www.dainonni.it\/montecatini\/wp-content\/uploads\/2026\/07\/ristorante-la-terrazza-sul-borgo-montecatini-val-di-cecina.jpg\" class=\"attachment-large size-large wp-image-1060\" alt=\"ristorante la terrazza sul borgo montecatini val di cecina\" srcset=\"https:\/\/www.dainonni.it\/montecatini\/wp-content\/uploads\/2026\/07\/ristorante-la-terrazza-sul-borgo-montecatini-val-di-cecina.jpg 900w, https:\/\/www.dainonni.it\/montecatini\/wp-content\/uploads\/2026\/07\/ristorante-la-terrazza-sul-borgo-montecatini-val-di-cecina-300x217.jpg 300w, https:\/\/www.dainonni.it\/montecatini\/wp-content\/uploads\/2026\/07\/ristorante-la-terrazza-sul-borgo-montecatini-val-di-cecina-768x555.jpg 768w\" sizes=\"(max-width: 900px) 100vw, 900px\" \/>\t\t\t\t\t\t\t\t\t\t\t\t\t\t\t<\/div>\n\t\t\t\t<\/div>\n\t\t\t\t<\/div>\n\t\t<div class=\"elementor-element elementor-element-f3dcb04 e-con-full e-flex e-con e-parent\" data-id=\"f3dcb04\" data-element_type=\"container\" data-e-type=\"container\" data-settings=\"{&quot;background_background&quot;:&quot;classic&quot;}\">\n\t\t<div class=\"elementor-element elementor-element-ddc40a8 e-con-full e-flex e-con e-child\" data-id=\"ddc40a8\" data-element_type=\"container\" data-e-type=\"container\">\n\t\t\t\t<div class=\"elementor-element elementor-element-53c0f4b elementor-align-center elementor-widget elementor-widget-button\" data-id=\"53c0f4b\" data-element_type=\"widget\" data-e-type=\"widget\" data-widget_type=\"button.default\">\n\t\t\t\t\t\t\t\t\t\t<a class=\"elementor-button elementor-button-link elementor-size-sm\" href=\"https:\/\/www.ristorantelaterrazzasulborgo.it\/montecatini\/contatti-e-prenota\/\" rel=\"nofollow noopener\" target=\"_blank\">\n\t\t\t\t\t\t<span class=\"elementor-button-content-wrapper\">\n\t\t\t\t\t\t<span class=\"elementor-button-icon\">\n\t\t\t\t<svg aria-hidden=\"true\" class=\"e-font-icon-svg e-far-clock\" viewBox=\"0 0 512 512\" xmlns=\"http:\/\/www.w3.org\/2000\/svg\"><path d=\"M256 8C119 8 8 119 8 256s111 248 248 248 248-111 248-248S393 8 256 8zm0 448c-110.5 0-200-89.5-200-200S145.5 56 256 56s200 89.5 200 200-89.5 200-200 200zm61.8-104.4l-84.9-61.7c-3.1-2.3-4.9-5.9-4.9-9.7V116c0-6.6 5.4-12 12-12h32c6.6 0 12 5.4 12 12v141.7l66.8 48.6c5.4 3.9 6.5 11.4 2.6 16.8L334.6 349c-3.9 5.3-11.4 6.5-16.8 2.6z\"><\/path><\/svg>\t\t\t<\/span>\n\t\t\t\t\t\t\t\t\t<span class=\"elementor-button-text\">Prenota al Ristorante<\/span>\n\t\t\t\t\t<\/span>\n\t\t\t\t\t<\/a>\n\t\t\t\t\t\t\t\t<\/div>\n\t\t\t\t<\/div>\n\t\t\t\t<\/div>\n\t\t<div class=\"elementor-element elementor-element-a1cda01 e-con-full e-flex e-con e-parent\" data-id=\"a1cda01\" data-element_type=\"container\" data-e-type=\"container\" data-settings=\"{&quot;background_background&quot;:&quot;classic&quot;}\">\n\t\t<div class=\"elementor-element elementor-element-5e6d491 e-con-full e-flex e-con e-child\" data-id=\"5e6d491\" data-element_type=\"container\" data-e-type=\"container\">\n\t\t\t\t<div class=\"elementor-element elementor-element-5e275d4 elementor-widget elementor-widget-heading\" data-id=\"5e275d4\" data-element_type=\"widget\" data-e-type=\"widget\" data-widget_type=\"heading.default\">\n\t\t\t\t\t<h3 class=\"elementor-heading-title elementor-size-default\">Il Parco Eolico: la Toscana che guarda al futuro<\/h3>\t\t\t\t<\/div>\n\t\t\t\t<div class=\"elementor-element elementor-element-87cfa10 elementor-widget elementor-widget-text-editor\" data-id=\"87cfa10\" data-element_type=\"widget\" data-e-type=\"widget\" data-widget_type=\"text-editor.default\">\n\t\t\t\t\t\t\t\t\t<p>Alzando gli occhi sulle colline intorno, lo sguardo incontra qualcosa di inaspettato: le grandi pale bianche del <strong>parco eolico di Montecatini Val di Cecina<\/strong> girano lente nel vento. Un contrasto visivo sorprendente che racconta bene l&#8217;anima di questo territorio: profondamente radicato nella storia, ma capace di guardare avanti. Le Colline Metallifere, gi\u00e0 protagoniste della rivoluzione industriale dell&#8217;Ottocento con le miniere di rame, ospitano oggi uno degli impianti eolici pi\u00f9 visibili della Toscana interna. Una curiosit\u00e0 in pi\u00f9 da aggiungere alla visita, e uno scatto fotografico che difficilmente trovi altrove.<\/p>\t\t\t\t\t\t\t\t<\/div>\n\t\t\t\t<\/div>\n\t\t\t\t<\/div>\n\t\t<div class=\"elementor-element elementor-element-4637a49 e-con-full e-flex e-con e-parent\" data-id=\"4637a49\" data-element_type=\"container\" data-e-type=\"container\" data-settings=\"{&quot;background_background&quot;:&quot;classic&quot;}\">\n\t\t<div class=\"elementor-element elementor-element-38e47e8 e-con-full e-flex e-con e-child\" data-id=\"38e47e8\" data-element_type=\"container\" data-e-type=\"container\">\n\t\t\t\t<div class=\"elementor-element elementor-element-0439bbd elementor-widget elementor-widget-heading\" data-id=\"0439bbd\" data-element_type=\"widget\" data-e-type=\"widget\" data-widget_type=\"heading.default\">\n\t\t\t\t\t<h2 class=\"elementor-heading-title elementor-size-default\">Cosa fare a Montecatini Val di Cecina: esperienze da non perdere<\/h2>\t\t\t\t<\/div>\n\t\t\t\t<div class=\"elementor-element elementor-element-28ce5f3 elementor-widget elementor-widget-text-editor\" data-id=\"28ce5f3\" data-element_type=\"widget\" data-e-type=\"widget\" data-widget_type=\"text-editor.default\">\n\t\t\t\t\t\t\t\t\t<p>Il nostro non \u00e8 solo un borgo da guardare, \u00e8 un posto da vivere, oltre alla visita al centro storico, il territorio offre esperienze che difficilmente trovi altrove in Toscana \u2014 dalla discesa nelle gallerie sotterranee delle miniere alle passeggiate tra le Colline Metallifere, fino al cicloturismo tra vigne e borghi. Ecco cosa fare durante il tuo soggiorno.<\/p>\t\t\t\t\t\t\t\t<\/div>\n\t\t\t\t<\/div>\n\t\t\t\t<\/div>\n\t\t<div class=\"elementor-element elementor-element-6e8daf0 e-con-full e-flex e-con e-parent\" data-id=\"6e8daf0\" data-element_type=\"container\" data-e-type=\"container\" data-settings=\"{&quot;background_background&quot;:&quot;classic&quot;}\">\n\t\t<div class=\"elementor-element elementor-element-d348770 e-con-full e-flex e-con e-child\" data-id=\"d348770\" data-element_type=\"container\" data-e-type=\"container\">\n\t\t\t\t<div class=\"elementor-element elementor-element-ac3c778 elementor-widget elementor-widget-heading\" data-id=\"ac3c778\" data-element_type=\"widget\" data-e-type=\"widget\" data-widget_type=\"heading.default\">\n\t\t\t\t\t<h3 class=\"elementor-heading-title elementor-size-default\">Visitare le miniere sotterranee di Caporciano<\/h3>\t\t\t\t<\/div>\n\t\t\t\t<div class=\"elementor-element elementor-element-389da8b elementor-widget elementor-widget-text-editor\" data-id=\"389da8b\" data-element_type=\"widget\" data-e-type=\"widget\" data-widget_type=\"text-editor.default\">\n\t\t\t\t\t\t\t\t\t<p>Se il museo ti ha incuriosito, fai un passo avanti: alcune delle gallerie sotterranee della miniera di Caporciano sono visitabili con tour guidati. Scendere nelle viscere della terra dove per generazioni hanno lavorato i minatori di Montecatini \u00e8 un&#8217;esperienza che non si dimentica facilmente.<br \/>I tour sono adatti anche ai bambini (con alcune limitazioni di et\u00e0 per i percorsi pi\u00f9 profondi). <a href=\"https:\/\/www.museodelleminieremontecatini.it\/contatti\/\" target=\"_blank\" rel=\"nofollow noopener\">Prenotazione consigliata<\/a>, soprattutto nei mesi estivi.<\/p>\t\t\t\t\t\t\t\t<\/div>\n\t\t\t\t<\/div>\n\t\t\t\t<\/div>\n\t\t<div class=\"elementor-element elementor-element-81d7a4e e-con-full e-flex e-con e-parent\" data-id=\"81d7a4e\" data-element_type=\"container\" data-e-type=\"container\" data-settings=\"{&quot;background_background&quot;:&quot;classic&quot;}\">\n\t\t<div class=\"elementor-element elementor-element-1f0f185 e-con-full e-flex e-con e-child\" data-id=\"1f0f185\" data-element_type=\"container\" data-e-type=\"container\">\n\t\t\t\t<div class=\"elementor-element elementor-element-4ac68aa elementor-widget elementor-widget-heading\" data-id=\"4ac68aa\" data-element_type=\"widget\" data-e-type=\"widget\" data-widget_type=\"heading.default\">\n\t\t\t\t\t<h3 class=\"elementor-heading-title elementor-size-default\">Trekking e passeggiate tra le Colline Metallifere<\/h3>\t\t\t\t<\/div>\n\t\t\t\t<div class=\"elementor-element elementor-element-481e5c5 elementor-widget elementor-widget-text-editor\" data-id=\"481e5c5\" data-element_type=\"widget\" data-e-type=\"widget\" data-widget_type=\"text-editor.default\">\n\t\t\t\t\t\t\t\t\t<p>Il <strong>territorio di Montecatini Val di Cecina<\/strong> offre sentieri di diversa difficolt\u00e0, percorribili a piedi o in mountain bike, i percorsi tra il borgo e le miniere sono tra i pi\u00f9 suggestivi: attraversano boschi di querce, pascoli e panorami che cambiano colore con le stagioni.<br \/>In primavera, il paesaggio \u00e8 verde brillante e fiorito, mentre in autunno, le Colline Metallifere si tingono di rosso e ocra in uno dei foliage pi\u00f9 fotografati della Toscana interna.<\/p>\t\t\t\t\t\t\t\t<\/div>\n\t\t\t\t<div class=\"elementor-element elementor-element-8fc5c32 elementor-widget elementor-widget-heading\" data-id=\"8fc5c32\" data-element_type=\"widget\" data-e-type=\"widget\" data-widget_type=\"heading.default\">\n\t\t\t\t\t<h3 class=\"elementor-heading-title elementor-size-default\">Cicloturismo e e-bike nella Val di Cecina<\/h3>\t\t\t\t<\/div>\n\t\t\t\t<div class=\"elementor-element elementor-element-bb1551c elementor-widget elementor-widget-text-editor\" data-id=\"bb1551c\" data-element_type=\"widget\" data-e-type=\"widget\" data-widget_type=\"text-editor.default\">\n\t\t\t\t\t\t\t\t\t<p>Chi ama pedalare trova nella Val di Cecina un territorio ideale: strade bianche, fondovalle pianeggianti e salite panoramiche alle colline. Le e-bike rendono accessibili anche ai meno allenati percorsi che un tempo erano riservati ai ciclisti esperti. Dagli Appartamenti \u201cDai Nonni\u201d \u00e8 possibile organizzare il noleggio di bici o e-bike su prenotazione, con consigli personalizzati sugli itinerari.<\/p>\t\t\t\t\t\t\t\t<\/div>\n\t\t\t\t<\/div>\n\t\t<div class=\"elementor-element elementor-element-7621330 e-con-full e-flex e-con e-child\" data-id=\"7621330\" data-element_type=\"container\" data-e-type=\"container\">\n\t\t\t\t<div class=\"elementor-element elementor-element-5325e59 elementor-widget elementor-widget-image\" data-id=\"5325e59\" data-element_type=\"widget\" data-e-type=\"widget\" data-widget_type=\"image.default\">\n\t\t\t\t\t\t\t\t\t\t\t\t\t\t\t<img loading=\"lazy\" decoding=\"async\" width=\"650\" height=\"900\" src=\"https:\/\/www.dainonni.it\/montecatini\/wp-content\/uploads\/2026\/07\/cicloturismo-montecatini-val-di-cecina.jpg\" class=\"attachment-large size-large wp-image-1061\" alt=\"cicloturismo montecatini val di cecina\" srcset=\"https:\/\/www.dainonni.it\/montecatini\/wp-content\/uploads\/2026\/07\/cicloturismo-montecatini-val-di-cecina.jpg 650w, https:\/\/www.dainonni.it\/montecatini\/wp-content\/uploads\/2026\/07\/cicloturismo-montecatini-val-di-cecina-217x300.jpg 217w\" sizes=\"(max-width: 650px) 100vw, 650px\" \/>\t\t\t\t\t\t\t\t\t\t\t\t\t\t\t<\/div>\n\t\t\t\t<\/div>\n\t\t\t\t<\/div>\n\t\t<div class=\"elementor-element elementor-element-9d88411 e-con-full e-flex e-con e-parent\" data-id=\"9d88411\" data-element_type=\"container\" data-e-type=\"container\" data-settings=\"{&quot;background_background&quot;:&quot;classic&quot;}\">\n\t\t<div class=\"elementor-element elementor-element-6117ad8 e-con-full e-flex e-con e-child\" data-id=\"6117ad8\" data-element_type=\"container\" data-e-type=\"container\">\n\t\t\t\t<div class=\"elementor-element elementor-element-2d372c9 elementor-align-center elementor-widget elementor-widget-button\" data-id=\"2d372c9\" data-element_type=\"widget\" data-e-type=\"widget\" data-widget_type=\"button.default\">\n\t\t\t\t\t\t\t\t\t\t<a class=\"elementor-button elementor-button-link elementor-size-sm\" href=\"https:\/\/www.dainonni.it\/montecatini\/appartamenti\/appartamento-rina\/\">\n\t\t\t\t\t\t<span class=\"elementor-button-content-wrapper\">\n\t\t\t\t\t\t<span class=\"elementor-button-icon\">\n\t\t\t\t<svg aria-hidden=\"true\" class=\"e-font-icon-svg e-fas-bed\" viewBox=\"0 0 640 512\" xmlns=\"http:\/\/www.w3.org\/2000\/svg\"><path d=\"M176 256c44.11 0 80-35.89 80-80s-35.89-80-80-80-80 35.89-80 80 35.89 80 80 80zm352-128H304c-8.84 0-16 7.16-16 16v144H64V80c0-8.84-7.16-16-16-16H16C7.16 64 0 71.16 0 80v352c0 8.84 7.16 16 16 16h32c8.84 0 16-7.16 16-16v-48h512v48c0 8.84 7.16 16 16 16h32c8.84 0 16-7.16 16-16V240c0-61.86-50.14-112-112-112z\"><\/path><\/svg>\t\t\t<\/span>\n\t\t\t\t\t\t\t\t\t<span class=\"elementor-button-text\">Scopri l'appartamento \"Rina\"<\/span>\n\t\t\t\t\t<\/span>\n\t\t\t\t\t<\/a>\n\t\t\t\t\t\t\t\t<\/div>\n\t\t\t\t<\/div>\n\t\t\t\t<\/div>\n\t\t<div class=\"elementor-element elementor-element-698e10f e-con-full e-flex e-con e-parent\" data-id=\"698e10f\" data-element_type=\"container\" data-e-type=\"container\" data-settings=\"{&quot;background_background&quot;:&quot;classic&quot;}\">\n\t\t<div class=\"elementor-element elementor-element-404b122 e-con-full e-flex e-con e-child\" data-id=\"404b122\" data-element_type=\"container\" data-e-type=\"container\">\n\t\t\t\t<div class=\"elementor-element elementor-element-afd3344 elementor-widget elementor-widget-heading\" data-id=\"afd3344\" data-element_type=\"widget\" data-e-type=\"widget\" data-widget_type=\"heading.default\">\n\t\t\t\t\t<h2 class=\"elementor-heading-title elementor-size-default\">Dintorni di Montecatini Val di Cecina: escursioni facili<\/h2>\t\t\t\t<\/div>\n\t\t\t\t<div class=\"elementor-element elementor-element-da4218e elementor-widget elementor-widget-text-editor\" data-id=\"da4218e\" data-element_type=\"widget\" data-e-type=\"widget\" data-widget_type=\"text-editor.default\">\n\t\t\t\t\t\t\t\t\t<p>Uno dei <strong>punti di forza di Montecatini Val di Cecina<\/strong> \u00e8 la posizione: in meno di mezz&#8217;ora d&#8217;auto si raggiungono mete che da sole varrebbero un viaggio. Volterra, il Teatro del Silenzio, la riserva naturale e il mare della Costa degli Etruschi sono tutti a \u201cportata di giornata\u201d, rendendo il borgo la base ideale per esplorare l&#8217;Alta Val di Cecina senza spostarsi ogni notte.<\/p>\t\t\t\t\t\t\t\t<\/div>\n\t\t\t\t<\/div>\n\t\t\t\t<\/div>\n\t\t<div class=\"elementor-element elementor-element-c9c0690 e-con-full e-flex e-con e-parent\" data-id=\"c9c0690\" data-element_type=\"container\" data-e-type=\"container\" data-settings=\"{&quot;background_background&quot;:&quot;classic&quot;}\">\n\t\t<div class=\"elementor-element elementor-element-f1d33e7 e-con-full e-flex e-con e-child\" data-id=\"f1d33e7\" data-element_type=\"container\" data-e-type=\"container\">\n\t\t\t\t<div class=\"elementor-element elementor-element-922289b elementor-widget elementor-widget-heading\" data-id=\"922289b\" data-element_type=\"widget\" data-e-type=\"widget\" data-widget_type=\"heading.default\">\n\t\t\t\t\t<h3 class=\"elementor-heading-title elementor-size-default\">Volterra: la citt\u00e0 etrusca a 15 minutirciano<\/h3>\t\t\t\t<\/div>\n\t\t\t\t<div class=\"elementor-element elementor-element-9c65e80 elementor-widget elementor-widget-text-editor\" data-id=\"9c65e80\" data-element_type=\"widget\" data-e-type=\"widget\" data-widget_type=\"text-editor.default\">\n\t\t\t\t\t\t\t\t\t<p>A soli 15 km, Volterra \u00e8 la prima escursione obbligata da Montecatini. La citt\u00e0 etrusca dell&#8217;alabastro offre il <a href=\"https:\/\/www.museidivolterra.com\/museo-etrusco-guarnacci\" target=\"_blank\" rel=\"nofollow noopener\">Museo Etrusco Guarnacci<\/a>, il Teatro Romano, la Fortezza Medicea e vicoli medievali straordinari.<br \/>Consiglio: partite la mattina presto per evitare i gruppi organizzati che arrivano dai pullman turistici verso le 10. Un&#8217;ora in pi\u00f9 di tranquillit\u00e0 vale molto.<\/p>\t\t\t\t\t\t\t\t<\/div>\n\t\t\t\t<\/div>\n\t\t\t\t<\/div>\n\t\t<div class=\"elementor-element elementor-element-2433936 e-con-full e-flex e-con e-parent\" data-id=\"2433936\" data-element_type=\"container\" data-e-type=\"container\" data-settings=\"{&quot;background_background&quot;:&quot;classic&quot;}\">\n\t\t<div class=\"elementor-element elementor-element-0204514 e-con-full e-flex e-con e-child\" data-id=\"0204514\" data-element_type=\"container\" data-e-type=\"container\">\n\t\t\t\t<div class=\"elementor-element elementor-element-1e2a5d7 elementor-widget elementor-widget-heading\" data-id=\"1e2a5d7\" data-element_type=\"widget\" data-e-type=\"widget\" data-widget_type=\"heading.default\">\n\t\t\t\t\t<h3 class=\"elementor-heading-title elementor-size-default\">Il Teatro del Silenzio di Bocelli a Lajatico<\/h3>\t\t\t\t<\/div>\n\t\t\t\t<div class=\"elementor-element elementor-element-1e48f5f elementor-widget elementor-widget-text-editor\" data-id=\"1e48f5f\" data-element_type=\"widget\" data-e-type=\"widget\" data-widget_type=\"text-editor.default\">\n\t\t\t\t\t\t\t\t\t<p>A circa 20 km, Lajatico \u00e8 il paese natale di Andrea Bocelli e sede del Teatro del Silenzio: un anfiteatro naturale a cielo aperto costruito tra le colline, utilizzato ogni estate per un concerto unico al mondo. Anche fuori dalla stagione dei concerti, il teatro \u00e8 visitabile e il panorama \u00e8 di quelli che tolgono il respiro.<\/p>\t\t\t\t\t\t\t\t<\/div>\n\t\t\t\t<\/div>\n\t\t\t\t<\/div>\n\t\t<div class=\"elementor-element elementor-element-e6bd215 e-con-full e-flex e-con e-parent\" data-id=\"e6bd215\" data-element_type=\"container\" data-e-type=\"container\" data-settings=\"{&quot;background_background&quot;:&quot;classic&quot;}\">\n\t\t<div class=\"elementor-element elementor-element-d407766 e-con-full e-flex e-con e-child\" data-id=\"d407766\" data-element_type=\"container\" data-e-type=\"container\">\n\t\t\t\t<div class=\"elementor-element elementor-element-d78671d elementor-widget elementor-widget-heading\" data-id=\"d78671d\" data-element_type=\"widget\" data-e-type=\"widget\" data-widget_type=\"heading.default\">\n\t\t\t\t\t<h3 class=\"elementor-heading-title elementor-size-default\">La Riserva Naturale Monterufoli-Caselli<\/h3>\t\t\t\t<\/div>\n\t\t\t\t<div class=\"elementor-element elementor-element-1eb285e elementor-widget elementor-widget-text-editor\" data-id=\"1eb285e\" data-element_type=\"widget\" data-e-type=\"widget\" data-widget_type=\"text-editor.default\">\n\t\t\t\t\t\t\t\t\t<p>Gli amanti della natura avranno il piacere di scoprire la <strong>Riserva Naturale Monterufoli-Caselli a pochi chilometri da Montecatini Val di Cecina<\/strong>, uno dei boschi pi\u00f9 intatti della Toscana interna, con cinghiali, caprioli, mufloni e una flora spontanea che a primavera trasforma il bosco in un giardino.<\/p>\t\t\t\t\t\t\t\t<\/div>\n\t\t\t\t<div class=\"elementor-element elementor-element-b9440d9 elementor-widget elementor-widget-heading\" data-id=\"b9440d9\" data-element_type=\"widget\" data-e-type=\"widget\" data-widget_type=\"heading.default\">\n\t\t\t\t\t<h3 class=\"elementor-heading-title elementor-size-default\">La Costa degli Etruschi: il mare a 27 km<\/h3>\t\t\t\t<\/div>\n\t\t\t\t<div class=\"elementor-element elementor-element-0cc5b2e elementor-widget elementor-widget-text-editor\" data-id=\"0cc5b2e\" data-element_type=\"widget\" data-e-type=\"widget\" data-widget_type=\"text-editor.default\">\n\t\t\t\t\t\t\t\t\t<p>In soli 30 minuti d&#8217;auto si raggiunge la Costa degli Etruschi, con le spiagge di Cecina Mare, Castiglioncello e il viale dei cipressi di Bolgheri. \u00c8 <strong>Montecatini Val di Cecina una base perfetta<\/strong> per chi vuole unire mare e borghi in un&#8217;unica vacanza toscana.<\/p>\t\t\t\t\t\t\t\t<\/div>\n\t\t\t\t<\/div>\n\t\t<div class=\"elementor-element elementor-element-f5ed3ab e-con-full e-flex e-con e-child\" data-id=\"f5ed3ab\" data-element_type=\"container\" data-e-type=\"container\">\n\t\t\t\t<div class=\"elementor-element elementor-element-d27ade4 elementor-widget elementor-widget-image\" data-id=\"d27ade4\" data-element_type=\"widget\" data-e-type=\"widget\" data-widget_type=\"image.default\">\n\t\t\t\t\t\t\t\t\t\t\t\t\t\t\t<img loading=\"lazy\" decoding=\"async\" width=\"900\" height=\"650\" src=\"https:\/\/www.dainonni.it\/montecatini\/wp-content\/uploads\/2026\/07\/costa-etruschi-mare-montecatini-val-di-cecina.jpg\" class=\"attachment-large size-large wp-image-1065\" alt=\"costa etruschi mare montecatini val di cecina\" srcset=\"https:\/\/www.dainonni.it\/montecatini\/wp-content\/uploads\/2026\/07\/costa-etruschi-mare-montecatini-val-di-cecina.jpg 900w, https:\/\/www.dainonni.it\/montecatini\/wp-content\/uploads\/2026\/07\/costa-etruschi-mare-montecatini-val-di-cecina-300x217.jpg 300w, https:\/\/www.dainonni.it\/montecatini\/wp-content\/uploads\/2026\/07\/costa-etruschi-mare-montecatini-val-di-cecina-768x555.jpg 768w\" sizes=\"(max-width: 900px) 100vw, 900px\" \/>\t\t\t\t\t\t\t\t\t\t\t\t\t\t\t<\/div>\n\t\t\t\t<\/div>\n\t\t\t\t<\/div>\n\t\t<div class=\"elementor-element elementor-element-77270c3 e-con-full e-flex e-con e-parent\" data-id=\"77270c3\" data-element_type=\"container\" data-e-type=\"container\" data-settings=\"{&quot;background_background&quot;:&quot;classic&quot;}\">\n\t\t<div class=\"elementor-element elementor-element-574bd16 e-con-full e-flex e-con e-child\" data-id=\"574bd16\" data-element_type=\"container\" data-e-type=\"container\">\n\t\t\t\t<div class=\"elementor-element elementor-element-4e43ecd elementor-align-center elementor-widget elementor-widget-button\" data-id=\"4e43ecd\" data-element_type=\"widget\" data-e-type=\"widget\" data-widget_type=\"button.default\">\n\t\t\t\t\t\t\t\t\t\t<a class=\"elementor-button elementor-button-link elementor-size-sm\" href=\"https:\/\/www.dainonni.it\/montecatini\/appartamenti\/appartamento-silvano\/\">\n\t\t\t\t\t\t<span class=\"elementor-button-content-wrapper\">\n\t\t\t\t\t\t<span class=\"elementor-button-icon\">\n\t\t\t\t<svg aria-hidden=\"true\" class=\"e-font-icon-svg e-fas-bed\" viewBox=\"0 0 640 512\" xmlns=\"http:\/\/www.w3.org\/2000\/svg\"><path d=\"M176 256c44.11 0 80-35.89 80-80s-35.89-80-80-80-80 35.89-80 80 35.89 80 80 80zm352-128H304c-8.84 0-16 7.16-16 16v144H64V80c0-8.84-7.16-16-16-16H16C7.16 64 0 71.16 0 80v352c0 8.84 7.16 16 16 16h32c8.84 0 16-7.16 16-16v-48h512v48c0 8.84 7.16 16 16 16h32c8.84 0 16-7.16 16-16V240c0-61.86-50.14-112-112-112z\"><\/path><\/svg>\t\t\t<\/span>\n\t\t\t\t\t\t\t\t\t<span class=\"elementor-button-text\">Scopri l'appartamento \"Silvano\"<\/span>\n\t\t\t\t\t<\/span>\n\t\t\t\t\t<\/a>\n\t\t\t\t\t\t\t\t<\/div>\n\t\t\t\t<\/div>\n\t\t\t\t<\/div>\n\t\t<div class=\"elementor-element elementor-element-d072149 e-con-full e-flex e-con e-parent\" data-id=\"d072149\" data-element_type=\"container\" data-e-type=\"container\" data-settings=\"{&quot;background_background&quot;:&quot;classic&quot;}\">\n\t\t<div class=\"elementor-element elementor-element-5169a93 e-con-full e-flex e-con e-child\" data-id=\"5169a93\" data-element_type=\"container\" data-e-type=\"container\">\n\t\t\t\t<div class=\"elementor-element elementor-element-e63e6eb elementor-widget elementor-widget-heading\" data-id=\"e63e6eb\" data-element_type=\"widget\" data-e-type=\"widget\" data-widget_type=\"heading.default\">\n\t\t\t\t\t<h2 class=\"elementor-heading-title elementor-size-default\">Quando visitare Montecatini Val di Cecina: la stagione migliore<\/h2>\t\t\t\t<\/div>\n\t\t\t\t<div class=\"elementor-element elementor-element-8f5183f elementor-widget elementor-widget-text-editor\" data-id=\"8f5183f\" data-element_type=\"widget\" data-e-type=\"widget\" data-widget_type=\"text-editor.default\">\n\t\t\t\t\t\t\t\t\t<p>Ogni stagione regala un&#8217;esperienza diversa:<\/p><ul><li>Primavera (aprile\u2013giugno): il paesaggio \u00e8 verde e fiorito, le temperature sono miti, i sentieri sono percorribili senza difficolt\u00e0. \u00c8 il periodo migliore per il trekking e il cicloturismo.<\/li><li>Estate (luglio\u2013agosto): caldo, ma le serate in piazza sono piacevoli. Il centro storico \u00e8 fresco grazie alle mura in pietra. Periodo degli eventi e delle sagre locali.<\/li><li>Autunno (settembre\u2013novembre): il foliage delle Colline Metallifere \u00e8 spettacolare. La vendemmia porta profumi e mercati di prodotti locali. \u00c8 la stagione preferita da coppie e viaggiatori slow.<\/li><li>Inverno (dicembre\u2013marzo): il borgo si svuota dei pochi turisti e diventa un posto quasi segreto. Le giornate limpide offrono panorami nitidissimi. Nell&#8217;<a href=\"https:\/\/www.dainonni.it\/montecatini\/appartamenti\/appartamento-silvano\/\" target=\"_blank\" rel=\"noopener\">Appartamento Silvano del &#8220;Dai Nonni&#8221;<\/a> c&#8217;\u00e8 il camino.<\/li><\/ul>\t\t\t\t\t\t\t\t<\/div>\n\t\t\t\t<\/div>\n\t\t\t\t<\/div>\n\t\t<div class=\"elementor-element elementor-element-8314f53 e-con-full e-flex e-con e-parent\" data-id=\"8314f53\" data-element_type=\"container\" data-e-type=\"container\" data-settings=\"{&quot;background_background&quot;:&quot;classic&quot;}\">\n\t\t<div class=\"elementor-element elementor-element-157c57b e-con-full e-flex e-con e-child\" data-id=\"157c57b\" data-element_type=\"container\" data-e-type=\"container\">\n\t\t\t\t<div class=\"elementor-element elementor-element-e5b01d9 elementor-widget elementor-widget-heading\" data-id=\"e5b01d9\" data-element_type=\"widget\" data-e-type=\"widget\" data-widget_type=\"heading.default\">\n\t\t\t\t\t<h2 class=\"elementor-heading-title elementor-size-default\">Dove dormire a Montecatini Val di Cecina<\/h2>\t\t\t\t<\/div>\n\t\t\t\t<div class=\"elementor-element elementor-element-7db1559 elementor-widget elementor-widget-text-editor\" data-id=\"7db1559\" data-element_type=\"widget\" data-e-type=\"widget\" data-widget_type=\"text-editor.default\">\n\t\t\t\t\t\t\t\t\t<p>Per <strong>dormire a Montecatini Val di Cecina gli Appartamenti \u201cDai Nonni\u201d<\/strong> \u00e8 la scelta pi\u00f9 adatta: due appartamenti \u2014 Rina e Silvano \u2014 che portano i nomi dei nonni che hanno vissuto e lavorato in questo borgo per una vita intera.<\/p><p>L&#8217;Appartamento Rina \u00e8 moderno e luminoso, con cucina open space, box doccia in cristallo e aria condizionata. Ideale per famiglie o piccoli gruppi (fino a 5 persone). L&#8217;Appartamento Silvano \u00e8 in stile rustico toscano, con camino funzionale, travi in legno massiccio e letto in ferro battuto: perfetto per coppie che cercano un&#8217;atmosfera romantica, soprattutto in autunno e inverno.<br \/>Entrambi gli appartamenti si trovano in piazza, a 2 minuti a piedi dal \u201cristorante La Terrazza sul Borgo\u201d. Prenotando direttamente sul sito dainonni.it hai la migliore tariffa garantita, senza commissioni OTA.<\/p>\t\t\t\t\t\t\t\t<\/div>\n\t\t\t\t<\/div>\n\t\t\t\t<\/div>\n\t\t<div class=\"elementor-element elementor-element-6d27065 e-con-full e-flex e-con e-parent\" data-id=\"6d27065\" data-element_type=\"container\" data-e-type=\"container\" data-settings=\"{&quot;background_background&quot;:&quot;classic&quot;}\">\n\t\t<div class=\"elementor-element elementor-element-a394314 e-con-full e-flex e-con e-child\" data-id=\"a394314\" data-element_type=\"container\" data-e-type=\"container\">\n\t\t\t\t<div class=\"elementor-element elementor-element-c177e19 elementor-align-center elementor-widget elementor-widget-button\" data-id=\"c177e19\" data-element_type=\"widget\" data-e-type=\"widget\" data-widget_type=\"button.default\">\n\t\t\t\t\t\t\t\t\t\t<a class=\"elementor-button elementor-button-link elementor-size-sm\" href=\"https:\/\/www.dainonni.it\/montecatini\/prenotazione\/\">\n\t\t\t\t\t\t<span class=\"elementor-button-content-wrapper\">\n\t\t\t\t\t\t<span class=\"elementor-button-icon\">\n\t\t\t\t<svg aria-hidden=\"true\" class=\"e-font-icon-svg e-fas-bookmark\" viewBox=\"0 0 384 512\" xmlns=\"http:\/\/www.w3.org\/2000\/svg\"><path d=\"M0 512V48C0 21.49 21.49 0 48 0h288c26.51 0 48 21.49 48 48v464L192 400 0 512z\"><\/path><\/svg>\t\t\t<\/span>\n\t\t\t\t\t\t\t\t\t<span class=\"elementor-button-text\">Prenota adesso il tuo soggiorno<\/span>\n\t\t\t\t\t<\/span>\n\t\t\t\t\t<\/a>\n\t\t\t\t\t\t\t\t<\/div>\n\t\t\t\t<\/div>\n\t\t\t\t<\/div>\n\t\t<div class=\"elementor-element elementor-element-5f34669 e-con-full e-flex e-con e-parent\" data-id=\"5f34669\" data-element_type=\"container\" data-e-type=\"container\" data-settings=\"{&quot;background_background&quot;:&quot;classic&quot;}\">\n\t\t<div class=\"elementor-element elementor-element-78515d3 e-con-full e-flex e-con e-child\" data-id=\"78515d3\" data-element_type=\"container\" data-e-type=\"container\">\n\t\t\t\t<div class=\"elementor-element elementor-element-ceee6a2 elementor-widget elementor-widget-heading\" data-id=\"ceee6a2\" data-element_type=\"widget\" data-e-type=\"widget\" data-widget_type=\"heading.default\">\n\t\t\t\t\t<h2 class=\"elementor-heading-title elementor-size-default\">Dove mangiare a Montecatini Val di Cecina<\/h2>\t\t\t\t<\/div>\n\t\t\t\t<div class=\"elementor-element elementor-element-b3766d9 elementor-widget elementor-widget-text-editor\" data-id=\"b3766d9\" data-element_type=\"widget\" data-e-type=\"widget\" data-widget_type=\"text-editor.default\">\n\t\t\t\t\t\t\t\t\t<p>Il riferimento gastronomico del borgo \u00e8 \u201cLa Terrazza sul Borgo\u201d: il nostro <strong>ristorante n.1 di Montecatini Val di Cecina<\/strong> su TripAdvisor. La cucina \u00e8 quella di Licia: pasta fresca fatta a mano, pappardelle al cinghiale, ribollita, dolci casalinghi. Prezzi onesti, porzioni generose, atmosfera familiare.<\/p>\t\t\t\t\t\t\t\t<\/div>\n\t\t\t\t<div class=\"elementor-element elementor-element-f0c9a9a elementor-align-center elementor-widget elementor-widget-button\" data-id=\"f0c9a9a\" data-element_type=\"widget\" data-e-type=\"widget\" data-widget_type=\"button.default\">\n\t\t\t\t\t\t\t\t\t\t<a class=\"elementor-button elementor-button-link elementor-size-sm\" href=\"https:\/\/www.ristorantelaterrazzasulborgo.it\/montecatini\/contatti-e-prenota\/\" rel=\"nofollow noopener\" target=\"_blank\">\n\t\t\t\t\t\t<span class=\"elementor-button-content-wrapper\">\n\t\t\t\t\t\t<span class=\"elementor-button-icon\">\n\t\t\t\t<svg aria-hidden=\"true\" class=\"e-font-icon-svg e-far-clock\" viewBox=\"0 0 512 512\" xmlns=\"http:\/\/www.w3.org\/2000\/svg\"><path d=\"M256 8C119 8 8 119 8 256s111 248 248 248 248-111 248-248S393 8 256 8zm0 448c-110.5 0-200-89.5-200-200S145.5 56 256 56s200 89.5 200 200-89.5 200-200 200zm61.8-104.4l-84.9-61.7c-3.1-2.3-4.9-5.9-4.9-9.7V116c0-6.6 5.4-12 12-12h32c6.6 0 12 5.4 12 12v141.7l66.8 48.6c5.4 3.9 6.5 11.4 2.6 16.8L334.6 349c-3.9 5.3-11.4 6.5-16.8 2.6z\"><\/path><\/svg>\t\t\t<\/span>\n\t\t\t\t\t\t\t\t\t<span class=\"elementor-button-text\">Prenota a \"La Terraza sul Borgo\"<\/span>\n\t\t\t\t\t<\/span>\n\t\t\t\t\t<\/a>\n\t\t\t\t\t\t\t\t<\/div>\n\t\t\t\t<\/div>\n\t\t<div class=\"elementor-element elementor-element-835acc9 e-con-full e-flex e-con e-child\" data-id=\"835acc9\" data-element_type=\"container\" data-e-type=\"container\">\n\t\t\t\t<div class=\"elementor-element elementor-element-6e0bca4 elementor-widget elementor-widget-image\" data-id=\"6e0bca4\" data-element_type=\"widget\" data-e-type=\"widget\" data-widget_type=\"image.default\">\n\t\t\t\t\t\t\t\t\t\t\t\t\t\t\t<img loading=\"lazy\" decoding=\"async\" width=\"900\" height=\"650\" src=\"https:\/\/www.dainonni.it\/montecatini\/wp-content\/uploads\/2026\/07\/dove-mangiare-montecatini-val-di-cecina.jpg\" class=\"attachment-large size-large wp-image-1067\" alt=\"dove mangiare montecatini val di cecina\" srcset=\"https:\/\/www.dainonni.it\/montecatini\/wp-content\/uploads\/2026\/07\/dove-mangiare-montecatini-val-di-cecina.jpg 900w, https:\/\/www.dainonni.it\/montecatini\/wp-content\/uploads\/2026\/07\/dove-mangiare-montecatini-val-di-cecina-300x217.jpg 300w, https:\/\/www.dainonni.it\/montecatini\/wp-content\/uploads\/2026\/07\/dove-mangiare-montecatini-val-di-cecina-768x555.jpg 768w\" sizes=\"(max-width: 900px) 100vw, 900px\" \/>\t\t\t\t\t\t\t\t\t\t\t\t\t\t\t<\/div>\n\t\t\t\t<\/div>\n\t\t\t\t<\/div>\n\t\t<div class=\"elementor-element elementor-element-bc52ce9 e-con-full e-flex e-con e-parent\" data-id=\"bc52ce9\" data-element_type=\"container\" data-e-type=\"container\" data-settings=\"{&quot;background_background&quot;:&quot;classic&quot;}\">\n\t\t<div class=\"elementor-element elementor-element-348403c e-con-full e-flex e-con e-child\" data-id=\"348403c\" data-element_type=\"container\" data-e-type=\"container\">\n\t\t\t\t<div class=\"elementor-element elementor-element-cc8f444 elementor-widget elementor-widget-text-editor\" data-id=\"cc8f444\" data-element_type=\"widget\" data-e-type=\"widget\" data-widget_type=\"text-editor.default\">\n\t\t\t\t\t\t\t\t\t<p>In treno il collegamento pi\u00f9 vicino \u00e8 la stazione di Cecina (linea Pisa-Roma), da cui si raggiunge <strong>Montecatini Val di Cecina in auto<\/strong> (circa 30 minuti) o con bus locale (verificare orari CTT Nord).<\/p><p><em><strong>Parcheggio:<\/strong><\/em> \u00e8 disponibile un ampio parcheggio gratuito ai piedi del borgo. Il centro storico \u00e8 in parte ZTL. Al momento della prenotazione dei nostri Appartamenti \u201cDai Nonni\u201d forniamo tutte le indicazioni precise.<\/p>\t\t\t\t\t\t\t\t<\/div>\n\t\t\t\t<\/div>\n\t\t<div class=\"elementor-element elementor-element-26337f3 e-con-full e-flex e-con e-child\" data-id=\"26337f3\" data-element_type=\"container\" data-e-type=\"container\">\n\t\t\t\t<div class=\"elementor-element elementor-element-f2da14b elementor-widget elementor-widget-heading\" data-id=\"f2da14b\" data-element_type=\"widget\" data-e-type=\"widget\" data-widget_type=\"heading.default\">\n\t\t\t\t\t<h2 class=\"elementor-heading-title elementor-size-default\">Come arrivare a Montecatini Val di Cecina<\/h2>\t\t\t\t<\/div>\n\t\t\t\t<div class=\"elementor-element elementor-element-a0a61be elementor-widget elementor-widget-text-editor\" data-id=\"a0a61be\" data-element_type=\"widget\" data-e-type=\"widget\" data-widget_type=\"text-editor.default\">\n\t\t\t\t\t\t\t\t\t<p>Montecatini Val di Cecina \u00e8 raggiungibile comodamente in auto:<\/p><ul><li>Da Pisa: circa 55 km, 50 minuti percorrendo la SS68 in direzione Volterra.<\/li><li>Da Firenze: circa 90 km, 1h 15min via SGC Firenze-Pisa-Livorno e poi SS68.<\/li><li>Da Siena: circa 75 km, 1h via Colle Val d&#8217;Elsa e Pomarance.<\/li><li>Dall&#8217;aeroporto di Pisa Galilei: circa 55 km, 50 minuti in auto.<\/li><\/ul>\t\t\t\t\t\t\t\t<\/div>\n\t\t\t\t<\/div>\n\t\t\t\t<\/div>\n\t\t<div class=\"elementor-element elementor-element-5df8058 e-con-full e-flex e-con e-parent\" data-id=\"5df8058\" data-element_type=\"container\" data-e-type=\"container\">\n\t\t\t\t<div class=\"elementor-element elementor-element-89d1615 elementor-widget elementor-widget-heading\" data-id=\"89d1615\" data-element_type=\"widget\" data-e-type=\"widget\" data-widget_type=\"heading.default\">\n\t\t\t\t\t<h2 class=\"elementor-heading-title elementor-size-default\">FAQ \u2014 Domande frequenti su Montecatini Val di Cecina<\/h2>\t\t\t\t<\/div>\n\t\t\t\t<\/div>\n\t\t<div class=\"elementor-element elementor-element-2784576 e-con-full e-flex e-con e-parent\" data-id=\"2784576\" data-element_type=\"container\" data-e-type=\"container\" data-settings=\"{&quot;background_background&quot;:&quot;classic&quot;}\">\n\t\t<div class=\"elementor-element elementor-element-d97e447 e-con-full e-flex e-con e-child\" data-id=\"d97e447\" data-element_type=\"container\" data-e-type=\"container\">\n\t\t\t\t<div class=\"elementor-element elementor-element-106d7af elementor-widget elementor-widget-text-editor\" data-id=\"106d7af\" data-element_type=\"widget\" data-e-type=\"widget\" data-widget_type=\"text-editor.default\">\n\t\t\t\t\t\t\t\t\t<p><em><strong>Montecatini Val di Cecina \u00e8 adatta alle famiglie con bambini?<\/strong><\/em><br \/>S\u00ec, particolarmente per la visita al Museo delle Miniere e ai percorsi guidati nelle gallerie sotterranee. Il centro storico ha strade pianeggianti e la piazza \u00e8 sicura e raccolta. L&#8217;<a href=\"https:\/\/www.dainonni.it\/montecatini\/appartamenti\/appartamento-rina\/\" target=\"_blank\" rel=\"noopener\">appartamento &#8220;Rina &#8211; Dai Nonni&#8221;<\/a> ospita comodamente famiglie fino a 5 persone.<\/p><p><strong><em>C&#8217;\u00e8 il mare vicino a Montecatini Val di Cecina?<\/em><\/strong><br \/>Distanza tra Cecina e Montecatini Val di Cecina? La Costa degli Etruschi \u00e8 a soli 27 km (circa 30 minuti d&#8217;auto). Cecina Mare, Castiglioncello e le spiagge di Marina di Bibbona sono le destinazioni pi\u00f9 vicine.<\/p>\t\t\t\t\t\t\t\t<\/div>\n\t\t\t\t<\/div>\n\t\t<div class=\"elementor-element elementor-element-be380a2 e-con-full e-flex e-con e-child\" data-id=\"be380a2\" data-element_type=\"container\" data-e-type=\"container\">\n\t\t\t\t<div class=\"elementor-element elementor-element-b13d1c1 elementor-widget elementor-widget-text-editor\" data-id=\"b13d1c1\" data-element_type=\"widget\" data-e-type=\"widget\" data-widget_type=\"text-editor.default\">\n\t\t\t\t\t\t\t\t\t<p><em><strong>Cosa vedere a Montecatini Val di Cecina in un giorno?<\/strong><\/em><br \/>In una giornata puoi visitare la Torre dei Belforti, il Palazzo Pretorio, il centro storico, il Museo delle Miniere e la Laveria Leopolda. Concludi con un pranzo alla \u201cTerrazza sul Borgo\u201d. Con pi\u00f9 tempo, aggiungi una passeggiata alle miniere sotterranee di Caporciano.<\/p><p><em><strong>Quanto dista Montecatini Val di Cecina da Volterra?<\/strong><\/em><br \/>Circa 15 km, percorribili in 20 minuti d&#8217;auto. Volterra \u00e8 la meta pi\u00f9 vicina e complementare: ideale come escursione di mezza giornata durante il soggiorno.<\/p>\t\t\t\t\t\t\t\t<\/div>\n\t\t\t\t<\/div>\n\t\t\t\t<\/div>\n\t\t<div class=\"elementor-element elementor-element-745efdb e-con-full e-flex e-con e-parent\" data-id=\"745efdb\" data-element_type=\"container\" data-e-type=\"container\" data-settings=\"{&quot;background_background&quot;:&quot;classic&quot;}\">\n\t\t<div class=\"elementor-element elementor-element-69cdb40 e-con-full e-flex e-con e-child\" data-id=\"69cdb40\" data-element_type=\"container\" data-e-type=\"container\">\n\t\t\t\t<div class=\"elementor-element elementor-element-26f6633 elementor-widget elementor-widget-text-editor\" data-id=\"26f6633\" data-element_type=\"widget\" data-e-type=\"widget\" data-widget_type=\"text-editor.default\">\n\t\t\t\t\t\t\t\t\t<p><em><strong>Quando si svolge il Teatro del Silenzio di Bocelli?<\/strong><\/em><br \/>Il Teatro del Silenzio di Lajatico (20 km da Montecatini) ospita solitamente uno o due concerti all&#8217;anno, tra luglio e agosto. Le date variano: verifica il<a href=\"https:\/\/www.teatrodelsilenzio.it\/\" target=\"_blank\" rel=\"nofollow noopener\"> sito ufficiale del Teatro del Silenzio<\/a> per il calendario aggiornato. Durante il concerto, gli Appartamenti \u201cDai Nonni\u201d sono una delle basi pi\u00f9 comode grazie alla vicinanza.<\/p>\t\t\t\t\t\t\t\t<\/div>\n\t\t\t\t<\/div>\n\t\t<div class=\"elementor-element elementor-element-3b977d0 e-con-full e-flex e-con e-child\" data-id=\"3b977d0\" data-element_type=\"container\" data-e-type=\"container\">\n\t\t\t\t<div class=\"elementor-element elementor-element-01cc5e3 elementor-widget elementor-widget-text-editor\" data-id=\"01cc5e3\" data-element_type=\"widget\" data-e-type=\"widget\" data-widget_type=\"text-editor.default\">\n\t\t\t\t\t\t\t\t\t<p><em><strong>Cosa sono le Miniere di Montecatini Val di Cecina?<\/strong><\/em><br \/>Furono la pi\u00f9 grande miniera di rame d&#8217;Europa nell&#8217;Ottocento. L&#8217;attivit\u00e0 estrattiva inizi\u00f2 nel Medioevo e raggiunse il picco produttivo tra il 1840 e il 1900. Oggi sono visitabili il Museo delle Miniere nel borgo e alcune gallerie sotterranee nella zona di Caporciano.<\/p>\t\t\t\t\t\t\t\t<\/div>\n\t\t\t\t<\/div>\n\t\t\t\t<\/div>\n\t\t<div class=\"elementor-element elementor-element-e055593 e-con-full e-flex e-con e-parent\" data-id=\"e055593\" data-element_type=\"container\" data-e-type=\"container\" data-settings=\"{&quot;background_background&quot;:&quot;classic&quot;}\">\n\t\t<div class=\"elementor-element elementor-element-8f67d95 e-con-full e-flex e-con e-child\" data-id=\"8f67d95\" data-element_type=\"container\" data-e-type=\"container\">\n\t\t\t\t<div class=\"elementor-element elementor-element-9020192 elementor-widget elementor-widget-text-editor\" data-id=\"9020192\" data-element_type=\"widget\" data-e-type=\"widget\" data-widget_type=\"text-editor.default\">\n\t\t\t\t\t\t\t\t\t<p>Soggiorna nel cuore di <strong>Montecatini Val di Cecina alla miglior tariffa garantita<\/strong>.<\/p>\t\t\t\t\t\t\t\t<\/div>\n\t\t\t\t<div class=\"elementor-element elementor-element-cc722b7 elementor-align-center elementor-widget elementor-widget-button\" data-id=\"cc722b7\" data-element_type=\"widget\" data-e-type=\"widget\" data-widget_type=\"button.default\">\n\t\t\t\t\t\t\t\t\t\t<a class=\"elementor-button elementor-button-link elementor-size-sm\" href=\"https:\/\/www.dainonni.it\/montecatini\/prenotazione\/\">\n\t\t\t\t\t\t<span class=\"elementor-button-content-wrapper\">\n\t\t\t\t\t\t<span class=\"elementor-button-icon\">\n\t\t\t\t<svg aria-hidden=\"true\" class=\"e-font-icon-svg e-fas-book\" viewBox=\"0 0 448 512\" xmlns=\"http:\/\/www.w3.org\/2000\/svg\"><path d=\"M448 360V24c0-13.3-10.7-24-24-24H96C43 0 0 43 0 96v320c0 53 43 96 96 96h328c13.3 0 24-10.7 24-24v-16c0-7.5-3.5-14.3-8.9-18.7-4.2-15.4-4.2-59.3 0-74.7 5.4-4.3 8.9-11.1 8.9-18.6zM128 134c0-3.3 2.7-6 6-6h212c3.3 0 6 2.7 6 6v20c0 3.3-2.7 6-6 6H134c-3.3 0-6-2.7-6-6v-20zm0 64c0-3.3 2.7-6 6-6h212c3.3 0 6 2.7 6 6v20c0 3.3-2.7 6-6 6H134c-3.3 0-6-2.7-6-6v-20zm253.4 250H96c-17.7 0-32-14.3-32-32 0-17.6 14.4-32 32-32h285.4c-1.9 17.1-1.9 46.9 0 64z\"><\/path><\/svg>\t\t\t<\/span>\n\t\t\t\t\t\t\t\t\t<span class=\"elementor-button-text\">Prenota direttamente!<\/span>\n\t\t\t\t\t<\/span>\n\t\t\t\t\t<\/a>\n\t\t\t\t\t\t\t\t<\/div>\n\t\t\t\t<\/div>\n\t\t\t\t<\/div>\n\t\t\t\t<\/div>\n\t\t","protected":false},"excerpt":{"rendered":"<p>Cosa vedere a Montecatini Val di Cecina: guida completa al borgo medievale Montecatini Val di Cecina \u00e8 uno di quei borghi medievali che la Toscana non ha ancora messo sulle guide patinate. Nessuna fila ai musei, nessun bus turistico che occupa la piazza, nessun negozio di souvenir in serie. Solo vicoli in pietra, una torre&hellip;&nbsp;<a href=\"https:\/\/www.dainonni.it\/montecatini\/montecatini-val-di-cecina-guida\/\" rel=\"bookmark\"><span class=\"screen-reader-text\">Cosa vedere a Montecatini Val di Cecina: guida completa al borgo medievale<\/span><\/a><\/p>\n","protected":false},"author":2,"featured_media":1052,"comment_status":"open","ping_status":"open","sticky":false,"template":"elementor_header_footer","format":"standard","meta":{"neve_meta_sidebar":"","neve_meta_container":"","neve_meta_enable_content_width":"off","neve_meta_content_width":70,"neve_meta_title_alignment":"","neve_meta_author_avatar":"","neve_post_elements_order":"","neve_meta_disable_header":"","neve_meta_disable_footer":"","neve_meta_disable_title":"","neve_meta_reading_time":"","footnotes":""},"categories":[1],"tags":[],"class_list":["post-983","post","type-post","status-publish","format-standard","has-post-thumbnail","hentry","category-diario-dei-nonni"],"_links":{"self":[{"href":"https:\/\/www.dainonni.it\/montecatini\/wp-json\/wp\/v2\/posts\/983","targetHints":{"allow":["GET"]}}],"collection":[{"href":"https:\/\/www.dainonni.it\/montecatini\/wp-json\/wp\/v2\/posts"}],"about":[{"href":"https:\/\/www.dainonni.it\/montecatini\/wp-json\/wp\/v2\/types\/post"}],"author":[{"embeddable":true,"href":"https:\/\/www.dainonni.it\/montecatini\/wp-json\/wp\/v2\/users\/2"}],"replies":[{"embeddable":true,"href":"https:\/\/www.dainonni.it\/montecatini\/wp-json\/wp\/v2\/comments?post=983"}],"version-history":[{"count":93,"href":"https:\/\/www.dainonni.it\/montecatini\/wp-json\/wp\/v2\/posts\/983\/revisions"}],"predecessor-version":[{"id":1118,"href":"https:\/\/www.dainonni.it\/montecatini\/wp-json\/wp\/v2\/posts\/983\/revisions\/1118"}],"wp:featuredmedia":[{"embeddable":true,"href":"https:\/\/www.dainonni.it\/montecatini\/wp-json\/wp\/v2\/media\/1052"}],"wp:attachment":[{"href":"https:\/\/www.dainonni.it\/montecatini\/wp-json\/wp\/v2\/media?parent=983"}],"wp:term":[{"taxonomy":"category","embeddable":true,"href":"https:\/\/www.dainonni.it\/montecatini\/wp-json\/wp\/v2\/categories?post=983"},{"taxonomy":"post_tag","embeddable":true,"href":"https:\/\/www.dainonni.it\/montecatini\/wp-json\/wp\/v2\/tags?post=983"}],"curies":[{"name":"wp","href":"https:\/\/api.w.org\/{rel}","templated":true}]}}