{"id":1116,"date":"2026-07-24T09:58:09","date_gmt":"2026-07-24T07:58:09","guid":{"rendered":"https:\/\/www.dainonni.it\/montecatini\/?p=1116"},"modified":"2026-07-24T10:57:07","modified_gmt":"2026-07-24T08:57:07","slug":"miniere-di-rame-di-montecatini","status":"publish","type":"post","link":"https:\/\/www.dainonni.it\/montecatini\/miniere-di-rame-di-montecatini\/","title":{"rendered":"Le Miniere di Rame di Montecatini"},"content":{"rendered":"\t\t<div data-elementor-type=\"wp-post\" data-elementor-id=\"1116\" class=\"elementor elementor-1116\">\n\t\t\t\t<div class=\"elementor-element elementor-element-6e424c3 e-flex e-con-boxed e-con e-parent\" data-id=\"6e424c3\" data-element_type=\"container\" data-e-type=\"container\">\n\t\t\t\t\t<div class=\"e-con-inner\">\n\t\t\t\t\t<\/div>\n\t\t\t\t<\/div>\n\t\t<div class=\"elementor-element elementor-element-0a0ff42 e-con-full e-flex e-con e-parent\" data-id=\"0a0ff42\" data-element_type=\"container\" data-e-type=\"container\">\n\t\t\t\t<div class=\"elementor-element elementor-element-efa06e4 elementor-widget elementor-widget-heading\" data-id=\"efa06e4\" data-element_type=\"widget\" data-e-type=\"widget\" data-widget_type=\"heading.default\">\n\t\t\t\t\t<h1 class=\"elementor-heading-title elementor-size-default\">Le Miniere di Rame di Montecatini: visita guidata tra storia e underground<\/h1>\t\t\t\t<\/div>\n\t\t\t\t<\/div>\n\t\t<div class=\"elementor-element elementor-element-3dfd401 e-con-full e-flex e-con e-parent\" data-id=\"3dfd401\" data-element_type=\"container\" data-e-type=\"container\" data-settings=\"{&quot;background_background&quot;:&quot;classic&quot;}\">\n\t\t<div class=\"elementor-element elementor-element-7cc1929 e-con-full e-flex e-con e-child\" data-id=\"7cc1929\" data-element_type=\"container\" data-e-type=\"container\">\n\t\t\t\t<div class=\"elementor-element elementor-element-30b4ff0 elementor-widget elementor-widget-text-editor\" data-id=\"30b4ff0\" data-element_type=\"widget\" data-e-type=\"widget\" data-widget_type=\"text-editor.default\">\n\t\t\t\t\t\t\t\t\t<p>Quali sono le miniere di rame in Toscana? C&#8217;\u00e8 un luogo, vicino Volterra, dove la Toscana smette di essere solo colline e cipressi e diventa buio, silenzio e roccia scavata a mano. Le <strong>Miniere di Rame di Montecatini Val di Cecina<\/strong> sono questo: un viaggio verticale nella terra, dentro gallerie che per tutto l&#8217;Ottocento hanno reso questo angolo della Val di Cecina la pi\u00f9 grande miniera di rame d&#8217;Europa.<\/p><p>Chi arriva qui pensando a una semplice gita fuori porta, spesso ne esce con un ricordo ben diverso: il freddo umido del sottosuolo, la luce tremolante di una torcia, il peso silenzioso di una storia fatta di uomini, fatica e coraggio. Le <strong>Miniere di Rame di Montecatini oggi<\/strong> non si raccontano soltanto: si attraversano, un passo alla volta, in fila indiana, come facevano i minatori pi\u00f9 di un secolo fa.<\/p><p>Dove si trovano le miniere di rame? Questo nostro articolo ti accompagna alla <strong>scoperta delle Miniere di Rame di Montecatini<\/strong>, tra storia, curiosit\u00e0 e informazioni pratiche per organizzare una visita che rester\u00e0 impressa ben oltre il viaggio in Toscana.<\/p>\t\t\t\t\t\t\t\t<\/div>\n\t\t\t\t<\/div>\n\t\t<div class=\"elementor-element elementor-element-e97c71c e-con-full e-flex e-con e-child\" data-id=\"e97c71c\" data-element_type=\"container\" data-e-type=\"container\">\n\t\t\t\t<div class=\"elementor-element elementor-element-334d492 elementor-widget elementor-widget-image\" data-id=\"334d492\" data-element_type=\"widget\" data-e-type=\"widget\" data-widget_type=\"image.default\">\n\t\t\t\t\t\t\t\t\t\t\t\t\t\t\t<img fetchpriority=\"high\" decoding=\"async\" width=\"1000\" height=\"650\" src=\"https:\/\/www.dainonni.it\/montecatini\/wp-content\/uploads\/2026\/07\/miniere-di-rame-di-montecatini-val-di-cecina-dai-nonni.jpg\" class=\"attachment-large size-large wp-image-1152\" alt=\"miniere di rame di montecatini val di cecina dai nonni\" srcset=\"https:\/\/www.dainonni.it\/montecatini\/wp-content\/uploads\/2026\/07\/miniere-di-rame-di-montecatini-val-di-cecina-dai-nonni.jpg 1000w, https:\/\/www.dainonni.it\/montecatini\/wp-content\/uploads\/2026\/07\/miniere-di-rame-di-montecatini-val-di-cecina-dai-nonni-300x195.jpg 300w, https:\/\/www.dainonni.it\/montecatini\/wp-content\/uploads\/2026\/07\/miniere-di-rame-di-montecatini-val-di-cecina-dai-nonni-768x499.jpg 768w\" sizes=\"(max-width: 1000px) 100vw, 1000px\" \/>\t\t\t\t\t\t\t\t\t\t\t\t\t\t\t<\/div>\n\t\t\t\t<\/div>\n\t\t\t\t<\/div>\n\t\t<div class=\"elementor-element elementor-element-5cf87f5 e-con-full e-flex e-con e-parent\" data-id=\"5cf87f5\" data-element_type=\"container\" data-e-type=\"container\" data-settings=\"{&quot;background_background&quot;:&quot;classic&quot;}\">\n\t\t<div class=\"elementor-element elementor-element-dadc727 e-con-full e-flex e-con e-child\" data-id=\"dadc727\" data-element_type=\"container\" data-e-type=\"container\">\n\t\t\t\t<div class=\"elementor-element elementor-element-5015a8a elementor-widget elementor-widget-heading\" data-id=\"5015a8a\" data-element_type=\"widget\" data-e-type=\"widget\" data-widget_type=\"heading.default\">\n\t\t\t\t\t<h2 class=\"elementor-heading-title elementor-size-default\">Le Miniere di Rame di Montecatini Val di Cecina: un patrimonio unico in Toscana<\/h2>\t\t\t\t<\/div>\n\t\t\t\t<div class=\"elementor-element elementor-element-bd6463b elementor-widget elementor-widget-text-editor\" data-id=\"bd6463b\" data-element_type=\"widget\" data-e-type=\"widget\" data-widget_type=\"text-editor.default\">\n\t\t\t\t\t\t\t\t\t<p>A poco pi\u00f9 di un chilometro dal centro storico del borgo si apre un mondo sotterraneo che pochi turisti conoscono: le <strong>Miniere di Rame di Montecatini patrimonio toscano<\/strong> e per tutto l&#8217;Ottocento la pi\u00f9 grande miniera di rame d&#8217;Europa. Oggi il sito \u00e8 un parco museale che si visita solo con guida, tra gallerie scavate, torri di estrazione e la memoria di generazioni di minatori.<\/p><p>Chi soggiorna in Val di Cecina spesso si concentra su Volterra e sui borghi medievali, senza sapere che a due passi dal borgo di Montecatini si trova uno dei siti di archeologia industriale pi\u00f9 suggestivi della Toscana. Le <strong>visite guidate alle Miniere di Rame di Montecatini<\/strong> regalano un punto di vista diverso su questo territorio: non solo colline, calanchi e piazze silenziose, ma anche il racconto di un&#8217;epoca industriale che ha segnato l&#8217;Italia intera.<\/p><p>In questo nostro articolo trovi la storia del sito, cosa si vede durante il percorso, come organizzare la visita con orari e prezzi aggiornati e i consigli per abbinarla a un soggiorno nel borgo, magari proprio nei nostri Appartamenti \u201cDai Nonni\u201d, a un chilometro dall&#8217;ingresso della miniera.<\/p>\t\t\t\t\t\t\t\t<\/div>\n\t\t\t\t<\/div>\n\t\t\t\t<\/div>\n\t\t<div class=\"elementor-element elementor-element-7de1100 e-con-full e-flex e-con e-parent\" data-id=\"7de1100\" data-element_type=\"container\" data-e-type=\"container\" data-settings=\"{&quot;background_background&quot;:&quot;classic&quot;}\">\n\t\t<div class=\"elementor-element elementor-element-3b0a61f e-con-full e-flex e-con e-child\" data-id=\"3b0a61f\" data-element_type=\"container\" data-e-type=\"container\">\n\t\t\t\t<div class=\"elementor-element elementor-element-bb77bb7 elementor-align-center elementor-widget elementor-widget-button\" data-id=\"bb77bb7\" data-element_type=\"widget\" data-e-type=\"widget\" data-widget_type=\"button.default\">\n\t\t\t\t\t\t\t\t\t\t<a class=\"elementor-button elementor-button-link elementor-size-sm\" href=\"https:\/\/www.dainonni.it\/montecatini\/dintorni-e-territorio\/\">\n\t\t\t\t\t\t<span class=\"elementor-button-content-wrapper\">\n\t\t\t\t\t\t<span class=\"elementor-button-icon\">\n\t\t\t\t<svg aria-hidden=\"true\" class=\"e-font-icon-svg e-fas-map\" viewBox=\"0 0 576 512\" xmlns=\"http:\/\/www.w3.org\/2000\/svg\"><path d=\"M0 117.66v346.32c0 11.32 11.43 19.06 21.94 14.86L160 416V32L20.12 87.95A32.006 32.006 0 0 0 0 117.66zM192 416l192 64V96L192 32v384zM554.06 33.16L416 96v384l139.88-55.95A31.996 31.996 0 0 0 576 394.34V48.02c0-11.32-11.43-19.06-21.94-14.86z\"><\/path><\/svg>\t\t\t<\/span>\n\t\t\t\t\t\t\t\t\t<span class=\"elementor-button-text\">Scopri il nostro territorio<\/span>\n\t\t\t\t\t<\/span>\n\t\t\t\t\t<\/a>\n\t\t\t\t\t\t\t\t<\/div>\n\t\t\t\t<\/div>\n\t\t\t\t<\/div>\n\t\t<div class=\"elementor-element elementor-element-7f04998 e-con-full e-flex e-con e-parent\" data-id=\"7f04998\" data-element_type=\"container\" data-e-type=\"container\" data-settings=\"{&quot;background_background&quot;:&quot;classic&quot;}\">\n\t\t<div class=\"elementor-element elementor-element-a50a741 e-con-full e-flex e-con e-child\" data-id=\"a50a741\" data-element_type=\"container\" data-e-type=\"container\">\n\t\t\t\t<div class=\"elementor-element elementor-element-e5917b4 elementor-widget elementor-widget-heading\" data-id=\"e5917b4\" data-element_type=\"widget\" data-e-type=\"widget\" data-widget_type=\"heading.default\">\n\t\t\t\t\t<h3 class=\"elementor-heading-title elementor-size-default\">Miniere di Rame di Montecatini dove si trovano<\/h3>\t\t\t\t<\/div>\n\t\t\t\t<div class=\"elementor-element elementor-element-2ac6553 elementor-widget elementor-widget-text-editor\" data-id=\"2ac6553\" data-element_type=\"widget\" data-e-type=\"widget\" data-widget_type=\"text-editor.default\">\n\t\t\t\t\t\t\t\t\t<p>Dove si trova la miniera di rame di Montecatini Val di Cecina? A chi chiede <strong>dove si trovano le Miniere di Rame di Montecatini<\/strong>, la risposta \u00e8 semplice: in localit\u00e0 Camporciano, a circa un chilometro dal centro di Montecatini Val di Cecina, in provincia di Pisa, nel cuore della Val di Cecina e a breve distanza da Volterra. Una posizione strategica per chi vuole scoprire sia il sottosuolo minerario sia i borghi della zona.<\/p>\t\t\t\t\t\t\t\t<\/div>\n\t\t\t\t<div class=\"elementor-element elementor-element-48b4e4e elementor-widget elementor-widget-heading\" data-id=\"48b4e4e\" data-element_type=\"widget\" data-e-type=\"widget\" data-widget_type=\"heading.default\">\n\t\t\t\t\t<h3 class=\"elementor-heading-title elementor-size-default\">Miniere di Rame di Montecatini quando apre<\/h3>\t\t\t\t<\/div>\n\t\t\t\t<div class=\"elementor-element elementor-element-47a8c65 elementor-widget elementor-widget-text-editor\" data-id=\"47a8c65\" data-element_type=\"widget\" data-e-type=\"widget\" data-widget_type=\"text-editor.default\">\n\t\t\t\t\t\t\t\t\t<p>Le <strong>Miniere di Rame di Montecatini quando aprono<\/strong> lo fanno sapere con largo anticipo sul sito ufficiale del museo, perch\u00e9 gli orari cambiano tra alta e bassa stagione. In genere il sito accoglie i visitatori nei mesi primaverili ed estivi, con turni di visita guidata al mattino e al pomeriggio; in estate si aggiungono anche aperture serali, pensate per chi vuole scoprire le gallerie in un&#8217;atmosfera ancora pi\u00f9 suggestiva.<\/p>\t\t\t\t\t\t\t\t<\/div>\n\t\t\t\t<\/div>\n\t\t<div class=\"elementor-element elementor-element-a79f4d6 e-con-full e-flex e-con e-child\" data-id=\"a79f4d6\" data-element_type=\"container\" data-e-type=\"container\">\n\t\t\t\t<div class=\"elementor-element elementor-element-d11b219 elementor-widget elementor-widget-image\" data-id=\"d11b219\" data-element_type=\"widget\" data-e-type=\"widget\" data-widget_type=\"image.default\">\n\t\t\t\t\t\t\t\t\t\t\t\t\t\t\t<img decoding=\"async\" width=\"900\" height=\"650\" src=\"https:\/\/www.dainonni.it\/montecatini\/wp-content\/uploads\/2026\/07\/miniere-di-rame-di-montecatini-quando-aprono.jpg\" class=\"attachment-large size-large wp-image-1153\" alt=\"miniere di rame di montecatini quando aprono\" srcset=\"https:\/\/www.dainonni.it\/montecatini\/wp-content\/uploads\/2026\/07\/miniere-di-rame-di-montecatini-quando-aprono.jpg 900w, https:\/\/www.dainonni.it\/montecatini\/wp-content\/uploads\/2026\/07\/miniere-di-rame-di-montecatini-quando-aprono-300x217.jpg 300w, https:\/\/www.dainonni.it\/montecatini\/wp-content\/uploads\/2026\/07\/miniere-di-rame-di-montecatini-quando-aprono-768x555.jpg 768w\" sizes=\"(max-width: 900px) 100vw, 900px\" \/>\t\t\t\t\t\t\t\t\t\t\t\t\t\t\t<\/div>\n\t\t\t\t<\/div>\n\t\t\t\t<\/div>\n\t\t<div class=\"elementor-element elementor-element-3e5b26e e-con-full e-flex e-con e-parent\" data-id=\"3e5b26e\" data-element_type=\"container\" data-e-type=\"container\" data-settings=\"{&quot;background_background&quot;:&quot;classic&quot;}\">\n\t\t<div class=\"elementor-element elementor-element-839a9da e-con-full e-flex e-con e-child\" data-id=\"839a9da\" data-element_type=\"container\" data-e-type=\"container\">\n\t\t\t\t<div class=\"elementor-element elementor-element-bd732f8 elementor-widget elementor-widget-heading\" data-id=\"bd732f8\" data-element_type=\"widget\" data-e-type=\"widget\" data-widget_type=\"heading.default\">\n\t\t\t\t\t<h3 class=\"elementor-heading-title elementor-size-default\">Miniere di Rame di Montecatini quanto costa<\/h3>\t\t\t\t<\/div>\n\t\t\t\t<div class=\"elementor-element elementor-element-e870b36 elementor-widget elementor-widget-text-editor\" data-id=\"e870b36\" data-element_type=\"widget\" data-e-type=\"widget\" data-widget_type=\"text-editor.default\">\n\t\t\t\t\t\t\t\t\t<p>Chi si chiede <strong>quanto costano le Miniere di Rame di Montecatini<\/strong> trover\u00e0 tariffe pensate per tutte le esigenze: la visita guidata al solo Parco Minerario ha un costo contenuto, quella che include anche la Discenderia sale leggermente, mentre il percorso completo \u00e8 riservato ai gruppi numerosi su prenotazione. Bambini piccoli e residenti del Comune entrano gratuitamente.<\/p>\t\t\t\t\t\t\t\t<\/div>\n\t\t\t\t<\/div>\n\t\t\t\t<\/div>\n\t\t<div class=\"elementor-element elementor-element-0ebc1f8 e-con-full e-flex e-con e-parent\" data-id=\"0ebc1f8\" data-element_type=\"container\" data-e-type=\"container\" data-settings=\"{&quot;background_background&quot;:&quot;classic&quot;}\">\n\t\t<div class=\"elementor-element elementor-element-376ac7c e-con-full e-flex e-con e-child\" data-id=\"376ac7c\" data-element_type=\"container\" data-e-type=\"container\">\n\t\t\t\t<div class=\"elementor-element elementor-element-6e14113 elementor-align-center elementor-widget elementor-widget-button\" data-id=\"6e14113\" data-element_type=\"widget\" data-e-type=\"widget\" data-widget_type=\"button.default\">\n\t\t\t\t\t\t\t\t\t\t<a class=\"elementor-button elementor-button-link elementor-size-sm\" href=\"https:\/\/www.museodelleminieremontecatini.it\/\" target=\"_blank\" rel=\"nofollow noopener\">\n\t\t\t\t\t\t<span class=\"elementor-button-content-wrapper\">\n\t\t\t\t\t\t<span class=\"elementor-button-icon\">\n\t\t\t\t<svg aria-hidden=\"true\" class=\"e-font-icon-svg e-fas-info-circle\" viewBox=\"0 0 512 512\" xmlns=\"http:\/\/www.w3.org\/2000\/svg\"><path d=\"M256 8C119.043 8 8 119.083 8 256c0 136.997 111.043 248 248 248s248-111.003 248-248C504 119.083 392.957 8 256 8zm0 110c23.196 0 42 18.804 42 42s-18.804 42-42 42-42-18.804-42-42 18.804-42 42-42zm56 254c0 6.627-5.373 12-12 12h-88c-6.627 0-12-5.373-12-12v-24c0-6.627 5.373-12 12-12h12v-64h-12c-6.627 0-12-5.373-12-12v-24c0-6.627 5.373-12 12-12h64c6.627 0 12 5.373 12 12v100h12c6.627 0 12 5.373 12 12v24z\"><\/path><\/svg>\t\t\t<\/span>\n\t\t\t\t\t\t\t\t\t<span class=\"elementor-button-text\">Scopri tutto sul sito ufficiale<\/span>\n\t\t\t\t\t<\/span>\n\t\t\t\t\t<\/a>\n\t\t\t\t\t\t\t\t<\/div>\n\t\t\t\t<\/div>\n\t\t\t\t<\/div>\n\t\t<div class=\"elementor-element elementor-element-17e560f e-con-full e-flex e-con e-parent\" data-id=\"17e560f\" data-element_type=\"container\" data-e-type=\"container\" data-settings=\"{&quot;background_background&quot;:&quot;classic&quot;}\">\n\t\t<div class=\"elementor-element elementor-element-7da50e4 e-con-full e-flex e-con e-child\" data-id=\"7da50e4\" data-element_type=\"container\" data-e-type=\"container\">\n\t\t\t\t<div class=\"elementor-element elementor-element-e477b50 elementor-widget elementor-widget-heading\" data-id=\"e477b50\" data-element_type=\"widget\" data-e-type=\"widget\" data-widget_type=\"heading.default\">\n\t\t\t\t\t<h2 class=\"elementor-heading-title elementor-size-default\">La storia della miniera di rame pi\u00f9 grande d'Europa<\/h2>\t\t\t\t<\/div>\n\t\t\t\t<div class=\"elementor-element elementor-element-2a5fb2f elementor-widget elementor-widget-text-editor\" data-id=\"2a5fb2f\" data-element_type=\"widget\" data-e-type=\"widget\" data-widget_type=\"text-editor.default\">\n\t\t\t\t\t\t\t\t\t<p>La storia di Montecatini Val di Cecina \u00e8 inseparabile da quella della sua miniera. Il giacimento di rame di Caporciano, dove sorge oggi il parco minerario, \u00e8 stato sfruttato a pi\u00f9 riprese per quattro secoli, con alterne fortune, fino ai primi del Novecento.<\/p>\t\t\t\t\t\t\t\t<\/div>\n\t\t\t\t<\/div>\n\t\t\t\t<\/div>\n\t\t<div class=\"elementor-element elementor-element-6794010 e-con-full e-flex e-con e-parent\" data-id=\"6794010\" data-element_type=\"container\" data-e-type=\"container\" data-settings=\"{&quot;background_background&quot;:&quot;classic&quot;}\">\n\t\t<div class=\"elementor-element elementor-element-69c4886 e-con-full e-flex e-con e-child\" data-id=\"69c4886\" data-element_type=\"container\" data-e-type=\"container\">\n\t\t\t\t<div class=\"elementor-element elementor-element-87172ba elementor-widget elementor-widget-heading\" data-id=\"87172ba\" data-element_type=\"widget\" data-e-type=\"widget\" data-widget_type=\"heading.default\">\n\t\t\t\t\t<h3 class=\"elementor-heading-title elementor-size-default\">Miniere di Rame di Montecatini: dagli Etruschi all'Ottocento<\/h3>\t\t\t\t<\/div>\n\t\t\t\t<div class=\"elementor-element elementor-element-e8a2baf elementor-widget elementor-widget-text-editor\" data-id=\"e8a2baf\" data-element_type=\"widget\" data-e-type=\"widget\" data-widget_type=\"text-editor.default\">\n\t\t\t\t\t\t\t\t\t<p>Furono gli Etruschi i primi a scavare questo territorio per ricavare rame da forgiare in utensili e oggetti ornamentali. L&#8217;attivit\u00e0 prosegu\u00ec, con interruzioni, in epoca romana e medievale, per poi conoscere una vera e propria rinascita a partire dal XV secolo.<\/p><p>\u00c8 per\u00f2 nel XIX secolo che raggiunge la <strong>Miniere di Rame di Montecatini il suo apice<\/strong>: l&#8217;espansione industriale dell&#8217;Ottocento trasforma il piccolo giacimento della Val di Cecina nella miniera di rame pi\u00f9 grande d&#8217;Europa, con centinaia di operai impegnati ogni giorno nell&#8217;estrazione e nella lavorazione del minerale.<\/p>\t\t\t\t\t\t\t\t<\/div>\n\t\t\t\t<\/div>\n\t\t\t\t<\/div>\n\t\t<div class=\"elementor-element elementor-element-01fcfc1 e-con-full e-flex e-con e-parent\" data-id=\"01fcfc1\" data-element_type=\"container\" data-e-type=\"container\" data-settings=\"{&quot;background_background&quot;:&quot;classic&quot;}\">\n\t\t<div class=\"elementor-element elementor-element-9fc129e e-con-full e-flex e-con e-child\" data-id=\"9fc129e\" data-element_type=\"container\" data-e-type=\"container\">\n\t\t\t\t<div class=\"elementor-element elementor-element-4b509ef elementor-widget elementor-widget-heading\" data-id=\"4b509ef\" data-element_type=\"widget\" data-e-type=\"widget\" data-widget_type=\"heading.default\">\n\t\t\t\t\t<h3 class=\"elementor-heading-title elementor-size-default\">Il Pozzo Alfredo e le 35 km di gallerie sotterranee<\/h3>\t\t\t\t<\/div>\n\t\t\t\t<div class=\"elementor-element elementor-element-9fa0d55 elementor-widget elementor-widget-text-editor\" data-id=\"9fa0d55\" data-element_type=\"widget\" data-e-type=\"widget\" data-widget_type=\"text-editor.default\">\n\t\t\t\t\t\t\t\t\t<p>\u00c8 il cuore delle <strong>Miniere di Rame di Montecatini il Pozzo Alfredo<\/strong>, la torre di estrazione che conserva ancora il montacarichi originale e che scende fino a 315 metri di profondit\u00e0. Attorno al pozzo si sviluppa un reticolo di gallerie che, sommando ogni diramazione sui dieci livelli della miniera, raggiunge complessivamente circa 35 chilometri. Una delle sezioni pi\u00f9 scenografiche, rinforzata da possenti armature in legno, \u00e8 conosciuta con il nome evocativo di &#8220;Pancia della Balena&#8221;.<\/p>\t\t\t\t\t\t\t\t<\/div>\n\t\t\t\t<div class=\"elementor-element elementor-element-d59b54d elementor-widget elementor-widget-heading\" data-id=\"d59b54d\" data-element_type=\"widget\" data-e-type=\"widget\" data-widget_type=\"heading.default\">\n\t\t\t\t\t<h3 class=\"elementor-heading-title elementor-size-default\">La nascita della societ\u00e0 Montecatini e la chiusura del 1907<\/h3>\t\t\t\t<\/div>\n\t\t\t\t<div class=\"elementor-element elementor-element-5df18a6 elementor-widget elementor-widget-text-editor\" data-id=\"5df18a6\" data-element_type=\"widget\" data-e-type=\"widget\" data-widget_type=\"text-editor.default\">\n\t\t\t\t\t\t\t\t\t<p>Da questo giacimento nacque la Societ\u00e0 Montecatini, una delle pi\u00f9 importanti industrie italiane del Novecento, poi confluita nella celebre Montedison. L&#8217;attivit\u00e0 estrattiva cess\u00f2 definitivamente nel 1907, lasciando in eredit\u00e0 un patrimonio industriale che oggi racconta non solo tecniche minerarie, ma anche la vita quotidiana e i rischi affrontati da chi lavorava sottoterra.<\/p>\t\t\t\t\t\t\t\t<\/div>\n\t\t\t\t<\/div>\n\t\t<div class=\"elementor-element elementor-element-d6029e1 e-con-full e-flex e-con e-child\" data-id=\"d6029e1\" data-element_type=\"container\" data-e-type=\"container\">\n\t\t\t\t<div class=\"elementor-element elementor-element-0dbacfe elementor-widget elementor-widget-image\" data-id=\"0dbacfe\" data-element_type=\"widget\" data-e-type=\"widget\" data-widget_type=\"image.default\">\n\t\t\t\t\t\t\t\t\t\t\t\t\t\t\t<img decoding=\"async\" width=\"900\" height=\"650\" src=\"https:\/\/www.dainonni.it\/montecatini\/wp-content\/uploads\/2026\/07\/miniere-di-rame-di-montecatini-pozzo-alfredo.jpg\" class=\"attachment-large size-large wp-image-1154\" alt=\"miniere di rame di montecatini pozzo alfredo\" srcset=\"https:\/\/www.dainonni.it\/montecatini\/wp-content\/uploads\/2026\/07\/miniere-di-rame-di-montecatini-pozzo-alfredo.jpg 900w, https:\/\/www.dainonni.it\/montecatini\/wp-content\/uploads\/2026\/07\/miniere-di-rame-di-montecatini-pozzo-alfredo-300x217.jpg 300w, https:\/\/www.dainonni.it\/montecatini\/wp-content\/uploads\/2026\/07\/miniere-di-rame-di-montecatini-pozzo-alfredo-768x555.jpg 768w\" sizes=\"(max-width: 900px) 100vw, 900px\" \/>\t\t\t\t\t\t\t\t\t\t\t\t\t\t\t<\/div>\n\t\t\t\t<\/div>\n\t\t\t\t<\/div>\n\t\t<div class=\"elementor-element elementor-element-889341a e-con-full e-flex e-con e-parent\" data-id=\"889341a\" data-element_type=\"container\" data-e-type=\"container\" data-settings=\"{&quot;background_background&quot;:&quot;classic&quot;}\">\n\t\t<div class=\"elementor-element elementor-element-c77e4e9 e-con-full e-flex e-con e-child\" data-id=\"c77e4e9\" data-element_type=\"container\" data-e-type=\"container\">\n\t\t\t\t<div class=\"elementor-element elementor-element-e1c3abd elementor-align-center elementor-widget elementor-widget-button\" data-id=\"e1c3abd\" data-element_type=\"widget\" data-e-type=\"widget\" data-widget_type=\"button.default\">\n\t\t\t\t\t\t\t\t\t\t<a class=\"elementor-button elementor-button-link elementor-size-sm\" href=\"https:\/\/www.comune.montecatini.pi.it\/it-it\/vivere-il-comune\/cosa-vedere\/museo-delle-miniere-50241-1-77a7f2629282d0eac8b9bd0e4ca8b7b6\" target=\"_blank\" rel=\"nofollow noopener\">\n\t\t\t\t\t\t<span class=\"elementor-button-content-wrapper\">\n\t\t\t\t\t\t<span class=\"elementor-button-icon\">\n\t\t\t\t<svg aria-hidden=\"true\" class=\"e-font-icon-svg e-fas-info-circle\" viewBox=\"0 0 512 512\" xmlns=\"http:\/\/www.w3.org\/2000\/svg\"><path d=\"M256 8C119.043 8 8 119.083 8 256c0 136.997 111.043 248 248 248s248-111.003 248-248C504 119.083 392.957 8 256 8zm0 110c23.196 0 42 18.804 42 42s-18.804 42-42 42-42-18.804-42-42 18.804-42 42-42zm56 254c0 6.627-5.373 12-12 12h-88c-6.627 0-12-5.373-12-12v-24c0-6.627 5.373-12 12-12h12v-64h-12c-6.627 0-12-5.373-12-12v-24c0-6.627 5.373-12 12-12h64c6.627 0 12 5.373 12 12v100h12c6.627 0 12 5.373 12 12v24z\"><\/path><\/svg>\t\t\t<\/span>\n\t\t\t\t\t\t\t\t\t<span class=\"elementor-button-text\">Segui il sito del Comune<\/span>\n\t\t\t\t\t<\/span>\n\t\t\t\t\t<\/a>\n\t\t\t\t\t\t\t\t<\/div>\n\t\t\t\t<\/div>\n\t\t\t\t<\/div>\n\t\t<div class=\"elementor-element elementor-element-88e2e04 e-con-full e-flex e-con e-parent\" data-id=\"88e2e04\" data-element_type=\"container\" data-e-type=\"container\" data-settings=\"{&quot;background_background&quot;:&quot;classic&quot;}\">\n\t\t<div class=\"elementor-element elementor-element-2f5845b e-con-full e-flex e-con e-child\" data-id=\"2f5845b\" data-element_type=\"container\" data-e-type=\"container\">\n\t\t\t\t<div class=\"elementor-element elementor-element-02795e7 elementor-widget elementor-widget-heading\" data-id=\"02795e7\" data-element_type=\"widget\" data-e-type=\"widget\" data-widget_type=\"heading.default\">\n\t\t\t\t\t<h2 class=\"elementor-heading-title elementor-size-default\">Cosa vedere durante la visita guidata alle Miniere di Rame di Montecatini<\/h2>\t\t\t\t<\/div>\n\t\t\t\t<div class=\"elementor-element elementor-element-f9aefae elementor-widget elementor-widget-text-editor\" data-id=\"f9aefae\" data-element_type=\"widget\" data-e-type=\"widget\" data-widget_type=\"text-editor.default\">\n\t\t\t\t\t\t\t\t\t<p>La <strong>visita guidata alle Miniere di Rame di Montecatini<\/strong> si svolge in due momenti: il percorso all&#8217;interno delle gallerie e l&#8217;area esterna con gli edifici storici del parco minerario. Ogni visitatore riceve elmetto e torcia prima di entrare nel tunnel.<\/p>\t\t\t\t\t\t\t\t<\/div>\n\t\t\t\t<\/div>\n\t\t\t\t<\/div>\n\t\t<div class=\"elementor-element elementor-element-46088ef e-con-full e-flex e-con e-parent\" data-id=\"46088ef\" data-element_type=\"container\" data-e-type=\"container\" data-settings=\"{&quot;background_background&quot;:&quot;classic&quot;}\">\n\t\t<div class=\"elementor-element elementor-element-3beed17 e-con-full e-flex e-con e-child\" data-id=\"3beed17\" data-element_type=\"container\" data-e-type=\"container\">\n\t\t\t\t<div class=\"elementor-element elementor-element-6be64b7 elementor-widget elementor-widget-heading\" data-id=\"6be64b7\" data-element_type=\"widget\" data-e-type=\"widget\" data-widget_type=\"heading.default\">\n\t\t\t\t\t<h3 class=\"elementor-heading-title elementor-size-default\">Il Parco Minerario: gallerie, \"Pancia della Balena\" e uffici storici<\/h3>\t\t\t\t<\/div>\n\t\t\t\t<div class=\"elementor-element elementor-element-8be3b91 elementor-widget elementor-widget-text-editor\" data-id=\"8be3b91\" data-element_type=\"widget\" data-e-type=\"widget\" data-widget_type=\"text-editor.default\">\n\t\t\t\t\t\t\t\t\t<p>Il <strong>percorso nelle Miniere di Rame di Montecatini<\/strong> conduce tra le gallerie ottocentesche percorribili a piedi, dove si respira ancora l&#8217;atmosfera del lavoro in miniera: pareti umide, armature in legno, il buio rischiarato solo dalle torce. Fuori dal tunnel, la visita prosegue tra gli ex uffici della Direzione, il laboratorio per le analisi chimiche del minerale e le ex Laverie, dove il rame estratto veniva lavato e lavorato prima della fusione.<\/p>\t\t\t\t\t\t\t\t<\/div>\n\t\t\t\t<\/div>\n\t\t\t\t<\/div>\n\t\t<div class=\"elementor-element elementor-element-b67fd4e e-con-full e-flex e-con e-parent\" data-id=\"b67fd4e\" data-element_type=\"container\" data-e-type=\"container\" data-settings=\"{&quot;background_background&quot;:&quot;classic&quot;}\">\n\t\t<div class=\"elementor-element elementor-element-c520b68 e-con-full e-flex e-con e-child\" data-id=\"c520b68\" data-element_type=\"container\" data-e-type=\"container\">\n\t\t\t\t<div class=\"elementor-element elementor-element-a53a959 elementor-align-center elementor-widget elementor-widget-button\" data-id=\"a53a959\" data-element_type=\"widget\" data-e-type=\"widget\" data-widget_type=\"button.default\">\n\t\t\t\t\t\t\t\t\t\t<a class=\"elementor-button elementor-button-link elementor-size-sm\" href=\"https:\/\/www.terredipisa.it\/events\/visita-miniera-rame-montecatini-valdicecina\/\" target=\"_blank\" rel=\"nofollow noopener\">\n\t\t\t\t\t\t<span class=\"elementor-button-content-wrapper\">\n\t\t\t\t\t\t<span class=\"elementor-button-icon\">\n\t\t\t\t<svg aria-hidden=\"true\" class=\"e-font-icon-svg e-fas-map-signs\" viewBox=\"0 0 512 512\" xmlns=\"http:\/\/www.w3.org\/2000\/svg\"><path d=\"M507.31 84.69L464 41.37c-6-6-14.14-9.37-22.63-9.37H288V16c0-8.84-7.16-16-16-16h-32c-8.84 0-16 7.16-16 16v16H56c-13.25 0-24 10.75-24 24v80c0 13.25 10.75 24 24 24h385.37c8.49 0 16.62-3.37 22.63-9.37l43.31-43.31c6.25-6.26 6.25-16.38 0-22.63zM224 496c0 8.84 7.16 16 16 16h32c8.84 0 16-7.16 16-16V384h-64v112zm232-272H288v-32h-64v32H70.63c-8.49 0-16.62 3.37-22.63 9.37L4.69 276.69c-6.25 6.25-6.25 16.38 0 22.63L48 342.63c6 6 14.14 9.37 22.63 9.37H456c13.25 0 24-10.75 24-24v-80c0-13.25-10.75-24-24-24z\"><\/path><\/svg>\t\t\t<\/span>\n\t\t\t\t\t\t\t\t\t<span class=\"elementor-button-text\">Scopri le visite guidate<\/span>\n\t\t\t\t\t<\/span>\n\t\t\t\t\t<\/a>\n\t\t\t\t\t\t\t\t<\/div>\n\t\t\t\t<\/div>\n\t\t\t\t<\/div>\n\t\t<div class=\"elementor-element elementor-element-4b0b2c0 e-con-full e-flex e-con e-parent\" data-id=\"4b0b2c0\" data-element_type=\"container\" data-e-type=\"container\" data-settings=\"{&quot;background_background&quot;:&quot;classic&quot;}\">\n\t\t<div class=\"elementor-element elementor-element-cd79456 e-con-full e-flex e-con e-child\" data-id=\"cd79456\" data-element_type=\"container\" data-e-type=\"container\">\n\t\t\t\t<div class=\"elementor-element elementor-element-7fed4cf elementor-widget elementor-widget-heading\" data-id=\"7fed4cf\" data-element_type=\"widget\" data-e-type=\"widget\" data-widget_type=\"heading.default\">\n\t\t\t\t\t<h3 class=\"elementor-heading-title elementor-size-default\">La Discenderia: 200 scalini nel cuore della montagna<\/h3>\t\t\t\t<\/div>\n\t\t\t\t<div class=\"elementor-element elementor-element-fc897b5 elementor-widget elementor-widget-text-editor\" data-id=\"fc897b5\" data-element_type=\"widget\" data-e-type=\"widget\" data-widget_type=\"text-editor.default\">\n\t\t\t\t\t\t\t\t\t<p>Per chi vuole spingersi oltre, in giorni e orari specifici \u00e8 possibile percorrere anche la <strong>Discenderia delle Miniere di Rame di Montecatini<\/strong>: una scalinata di circa 200 gradini che scende fino al quarto livello della miniera, a circa 100 metri di profondit\u00e0. \u00c8 l&#8217;esperienza pi\u00f9 suggestiva del sito, ma non \u00e8 adatta a chi ha difficolt\u00e0 di mobilit\u00e0 o respiratorie ed \u00e8 accessibile ai ragazzi dai 12 anni solo se accompagnati da un adulto.<\/p>\t\t\t\t\t\t\t\t<\/div>\n\t\t\t\t<\/div>\n\t\t\t\t<\/div>\n\t\t<div class=\"elementor-element elementor-element-61b317e e-con-full e-flex e-con e-parent\" data-id=\"61b317e\" data-element_type=\"container\" data-e-type=\"container\" data-settings=\"{&quot;background_background&quot;:&quot;classic&quot;}\">\n\t\t<div class=\"elementor-element elementor-element-7972545 e-con-full e-flex e-con e-child\" data-id=\"7972545\" data-element_type=\"container\" data-e-type=\"container\">\n\t\t\t\t<div class=\"elementor-element elementor-element-1cbb2bb elementor-widget elementor-widget-heading\" data-id=\"1cbb2bb\" data-element_type=\"widget\" data-e-type=\"widget\" data-widget_type=\"heading.default\">\n\t\t\t\t\t<h3 class=\"elementor-heading-title elementor-size-default\">La Chiesa di Santa Barbara e il Centro di Documentazione<\/h3>\t\t\t\t<\/div>\n\t\t\t\t<div class=\"elementor-element elementor-element-3c4a63d elementor-widget elementor-widget-text-editor\" data-id=\"3c4a63d\" data-element_type=\"widget\" data-e-type=\"widget\" data-widget_type=\"text-editor.default\">\n\t\t\t\t\t\t\t\t\t<p>Il percorso pi\u00f9 completo include anche la <strong>Chiesa di Santa Barbara delle Miniere di Rame di Montecatini<\/strong>, dedicata alla patrona dei minatori e custode di una rara tela della Madonna di Guadalupe attribuita al pittore messicano Juan Rodr\u00edguez Xu\u00e1rez. Nel centro storico del paese, inoltre, il Centro di Documentazione nel Palazzo Pretorio racconta tutte le attivit\u00e0 minerarie della Val di Cecina: rame, sale, alabastro, lignite e geotermia.<\/p>\t\t\t\t\t\t\t\t<\/div>\n\t\t\t\t<div class=\"elementor-element elementor-element-a2e5c68 elementor-widget elementor-widget-text-editor\" data-id=\"a2e5c68\" data-element_type=\"widget\" data-e-type=\"widget\" data-widget_type=\"text-editor.default\">\n\t\t\t\t\t\t\t\t\t<p>Vuoi unire la visita alle Miniere a un soggiorno nel borgo? Gli <a href=\"https:\/\/www.dainonni.it\/montecatini\/appartamenti\/\" target=\"_blank\" rel=\"noopener\">appartamenti Rina e Silvano<\/a> sono a un chilometro dall&#8217;ingresso del parco minerario: la base ideale per esplorare l&#8217;archeologia industriale della Val di Cecina senza fretta.<\/p>\t\t\t\t\t\t\t\t<\/div>\n\t\t\t\t<\/div>\n\t\t\t\t<\/div>\n\t\t<div class=\"elementor-element elementor-element-f581394 e-con-full e-flex e-con e-parent\" data-id=\"f581394\" data-element_type=\"container\" data-e-type=\"container\" data-settings=\"{&quot;background_background&quot;:&quot;classic&quot;}\">\n\t\t<div class=\"elementor-element elementor-element-b196e29 e-con-full e-flex e-con e-child\" data-id=\"b196e29\" data-element_type=\"container\" data-e-type=\"container\">\n\t\t\t\t<div class=\"elementor-element elementor-element-1a89d88 elementor-align-center elementor-widget elementor-widget-button\" data-id=\"1a89d88\" data-element_type=\"widget\" data-e-type=\"widget\" data-widget_type=\"button.default\">\n\t\t\t\t\t\t\t\t\t\t<a class=\"elementor-button elementor-button-link elementor-size-sm\" href=\"https:\/\/www.dainonni.it\/montecatini\/prenotazione\/\" target=\"_blank\" rel=\"nofollow\">\n\t\t\t\t\t\t<span class=\"elementor-button-content-wrapper\">\n\t\t\t\t\t\t<span class=\"elementor-button-icon\">\n\t\t\t\t<svg aria-hidden=\"true\" class=\"e-font-icon-svg e-fas-bookmark\" viewBox=\"0 0 384 512\" xmlns=\"http:\/\/www.w3.org\/2000\/svg\"><path d=\"M0 512V48C0 21.49 21.49 0 48 0h288c26.51 0 48 21.49 48 48v464L192 400 0 512z\"><\/path><\/svg>\t\t\t<\/span>\n\t\t\t\t\t\t\t\t\t<span class=\"elementor-button-text\">Prenota adesso!!<\/span>\n\t\t\t\t\t<\/span>\n\t\t\t\t\t<\/a>\n\t\t\t\t\t\t\t\t<\/div>\n\t\t\t\t<\/div>\n\t\t\t\t<\/div>\n\t\t<div class=\"elementor-element elementor-element-f5c07bd e-con-full e-flex e-con e-parent\" data-id=\"f5c07bd\" data-element_type=\"container\" data-e-type=\"container\" data-settings=\"{&quot;background_background&quot;:&quot;classic&quot;}\">\n\t\t<div class=\"elementor-element elementor-element-ead4371 e-con-full e-flex e-con e-child\" data-id=\"ead4371\" data-element_type=\"container\" data-e-type=\"container\">\n\t\t\t\t<div class=\"elementor-element elementor-element-0e11095 elementor-widget elementor-widget-heading\" data-id=\"0e11095\" data-element_type=\"widget\" data-e-type=\"widget\" data-widget_type=\"heading.default\">\n\t\t\t\t\t<h2 class=\"elementor-heading-title elementor-size-default\">Come organizzare la visita: orari, prezzi e consigli pratici<\/h2>\t\t\t\t<\/div>\n\t\t\t\t<div class=\"elementor-element elementor-element-95ce8f4 elementor-widget elementor-widget-text-editor\" data-id=\"95ce8f4\" data-element_type=\"widget\" data-e-type=\"widget\" data-widget_type=\"text-editor.default\">\n\t\t\t\t\t\t\t\t\t<p>Si visitano le <strong>Miniere di Rame di Montecatini esclusivamente con una guida<\/strong>, su prenotazione. Ecco le informazioni pratiche essenziali per organizzare la giornata.<\/p>\t\t\t\t\t\t\t\t<\/div>\n\t\t\t\t<\/div>\n\t\t\t\t<\/div>\n\t\t<div class=\"elementor-element elementor-element-5b53734 e-con-full e-flex e-con e-parent\" data-id=\"5b53734\" data-element_type=\"container\" data-e-type=\"container\" data-settings=\"{&quot;background_background&quot;:&quot;classic&quot;}\">\n\t\t<div class=\"elementor-element elementor-element-36efc1e e-con-full e-flex e-con e-child\" data-id=\"36efc1e\" data-element_type=\"container\" data-e-type=\"container\">\n\t\t\t\t<div class=\"elementor-element elementor-element-7590652 elementor-widget elementor-widget-heading\" data-id=\"7590652\" data-element_type=\"widget\" data-e-type=\"widget\" data-widget_type=\"heading.default\">\n\t\t\t\t\t<h3 class=\"elementor-heading-title elementor-size-default\">Miniere di Rame di Montecatini: prezzi e tipologie di visita guidata<\/h3>\t\t\t\t<\/div>\n\t\t\t\t<div class=\"elementor-element elementor-element-2ff5e07 elementor-widget elementor-widget-text-editor\" data-id=\"2ff5e07\" data-element_type=\"widget\" data-e-type=\"widget\" data-widget_type=\"text-editor.default\">\n\t\t\t\t\t\t\t\t\t<ul><li>Parco Minerario: per adulti e bambini 6-12 anni, gratuito per i residenti nel Comune e per i bambini sotto i 6 anni.<\/li><li>Parco Minerario + Discenderia: adulti e ragazzi sopra i 12 anni.<\/li><li>Percorso completo (Parco Minerario, Parco Eolico, Diga del Muraglione e Oratorio di Santa Barbara): solo su prenotazione per gruppi di almeno 20 persone, adulti e ragazzi 6-12 anni.<\/li><\/ul><p>I prezzi sono soggetti a variazioni stagionali: prima di partire conviene sempre <a href=\"https:\/\/www.museodelleminieremontecatini.it\/prenota-online\/\" target=\"_blank\" rel=\"nofollow noopener\">verificare tariffe e disponibilit\u00e0 sul sito ufficiale del Museo delle Miniere<\/a>.<\/p>\t\t\t\t\t\t\t\t<\/div>\n\t\t\t\t<\/div>\n\t\t\t\t<\/div>\n\t\t<div class=\"elementor-element elementor-element-63a7312 e-con-full e-flex e-con e-parent\" data-id=\"63a7312\" data-element_type=\"container\" data-e-type=\"container\" data-settings=\"{&quot;background_background&quot;:&quot;classic&quot;}\">\n\t\t<div class=\"elementor-element elementor-element-ff7abc6 e-con-full e-flex e-con e-child\" data-id=\"ff7abc6\" data-element_type=\"container\" data-e-type=\"container\">\n\t\t\t\t<div class=\"elementor-element elementor-element-0745eb5 elementor-widget elementor-widget-heading\" data-id=\"0745eb5\" data-element_type=\"widget\" data-e-type=\"widget\" data-widget_type=\"heading.default\">\n\t\t\t\t\t<h3 class=\"elementor-heading-title elementor-size-default\">Periodi di apertura e orari delle Miniere di Rame di Montecatini <\/h3>\t\t\t\t<\/div>\n\t\t\t\t<div class=\"elementor-element elementor-element-b989116 elementor-widget elementor-widget-text-editor\" data-id=\"b989116\" data-element_type=\"widget\" data-e-type=\"widget\" data-widget_type=\"text-editor.default\">\n\t\t\t\t\t\t\t\t\t<p>Il sito \u00e8 aperto nei mesi primaverili ed estivi, l\u2019<strong>orario delle Miniere di Rame di Montecatini<\/strong> cambia tra bassa e alta stagione: in genere due turni di visita al giorno per il solo Parco Minerario e due per Parco pi\u00f9 Discenderia, con orari serali aggiuntivi in estate, comprese aperture straordinarie a lume di candela in alcune serate. Gli orari precisi vanno sempre confermati al momento della prenotazione, perch\u00e9 possono variare di anno in anno.<\/p>\t\t\t\t\t\t\t\t<\/div>\n\t\t\t\t<\/div>\n\t\t<div class=\"elementor-element elementor-element-3102ed5 e-con-full e-flex e-con e-child\" data-id=\"3102ed5\" data-element_type=\"container\" data-e-type=\"container\">\n\t\t\t\t<div class=\"elementor-element elementor-element-de15e4f elementor-widget elementor-widget-image\" data-id=\"de15e4f\" data-element_type=\"widget\" data-e-type=\"widget\" data-widget_type=\"image.default\">\n\t\t\t\t\t\t\t\t\t\t\t\t\t\t\t<img loading=\"lazy\" decoding=\"async\" width=\"900\" height=\"650\" src=\"https:\/\/www.dainonni.it\/montecatini\/wp-content\/uploads\/2026\/07\/miniere-di-rame-di-montecatini-orario-visite.jpg\" class=\"attachment-large size-large wp-image-1158\" alt=\"miniere di rame di montecatini orario visite\" srcset=\"https:\/\/www.dainonni.it\/montecatini\/wp-content\/uploads\/2026\/07\/miniere-di-rame-di-montecatini-orario-visite.jpg 900w, https:\/\/www.dainonni.it\/montecatini\/wp-content\/uploads\/2026\/07\/miniere-di-rame-di-montecatini-orario-visite-300x217.jpg 300w, https:\/\/www.dainonni.it\/montecatini\/wp-content\/uploads\/2026\/07\/miniere-di-rame-di-montecatini-orario-visite-768x555.jpg 768w\" sizes=\"(max-width: 900px) 100vw, 900px\" \/>\t\t\t\t\t\t\t\t\t\t\t\t\t\t\t<\/div>\n\t\t\t\t<\/div>\n\t\t\t\t<\/div>\n\t\t<div class=\"elementor-element elementor-element-1f07fc7 e-con-full e-flex e-con e-parent\" data-id=\"1f07fc7\" data-element_type=\"container\" data-e-type=\"container\" data-settings=\"{&quot;background_background&quot;:&quot;classic&quot;}\">\n\t\t<div class=\"elementor-element elementor-element-2a3797e e-con-full e-flex e-con e-child\" data-id=\"2a3797e\" data-element_type=\"container\" data-e-type=\"container\">\n\t\t\t\t<div class=\"elementor-element elementor-element-b7c92a4 elementor-align-center elementor-widget elementor-widget-button\" data-id=\"b7c92a4\" data-element_type=\"widget\" data-e-type=\"widget\" data-widget_type=\"button.default\">\n\t\t\t\t\t\t\t\t\t\t<a class=\"elementor-button elementor-button-link elementor-size-sm\" href=\"https:\/\/www.museodelleminieremontecatini.it\/prenota-online\/\" target=\"_blank\" rel=\"nofollow noopener\">\n\t\t\t\t\t\t<span class=\"elementor-button-content-wrapper\">\n\t\t\t\t\t\t<span class=\"elementor-button-icon\">\n\t\t\t\t<svg aria-hidden=\"true\" class=\"e-font-icon-svg e-fas-user-clock\" viewBox=\"0 0 640 512\" xmlns=\"http:\/\/www.w3.org\/2000\/svg\"><path d=\"M496 224c-79.6 0-144 64.4-144 144s64.4 144 144 144 144-64.4 144-144-64.4-144-144-144zm64 150.3c0 5.3-4.4 9.7-9.7 9.7h-60.6c-5.3 0-9.7-4.4-9.7-9.7v-76.6c0-5.3 4.4-9.7 9.7-9.7h12.6c5.3 0 9.7 4.4 9.7 9.7V352h38.3c5.3 0 9.7 4.4 9.7 9.7v12.6zM320 368c0-27.8 6.7-54.1 18.2-77.5-8-1.5-16.2-2.5-24.6-2.5h-16.7c-22.2 10.2-46.9 16-72.9 16s-50.6-5.8-72.9-16h-16.7C60.2 288 0 348.2 0 422.4V464c0 26.5 21.5 48 48 48h347.1c-45.3-31.9-75.1-84.5-75.1-144zm-96-112c70.7 0 128-57.3 128-128S294.7 0 224 0 96 57.3 96 128s57.3 128 128 128z\"><\/path><\/svg>\t\t\t<\/span>\n\t\t\t\t\t\t\t\t\t<span class=\"elementor-button-text\">Controlla gli orari di apertura<\/span>\n\t\t\t\t\t<\/span>\n\t\t\t\t\t<\/a>\n\t\t\t\t\t\t\t\t<\/div>\n\t\t\t\t<\/div>\n\t\t\t\t<\/div>\n\t\t<div class=\"elementor-element elementor-element-85299b7 e-con-full e-flex e-con e-parent\" data-id=\"85299b7\" data-element_type=\"container\" data-e-type=\"container\" data-settings=\"{&quot;background_background&quot;:&quot;classic&quot;}\">\n\t\t<div class=\"elementor-element elementor-element-24c129e e-con-full e-flex e-con e-child\" data-id=\"24c129e\" data-element_type=\"container\" data-e-type=\"container\">\n\t\t\t\t<div class=\"elementor-element elementor-element-d79387e elementor-widget elementor-widget-heading\" data-id=\"d79387e\" data-element_type=\"widget\" data-e-type=\"widget\" data-widget_type=\"heading.default\">\n\t\t\t\t\t<h3 class=\"elementor-heading-title elementor-size-default\">Visita con bambini: cosa sapere prima di partire<\/h3>\t\t\t\t<\/div>\n\t\t\t\t<div class=\"elementor-element elementor-element-ac441bf elementor-widget elementor-widget-text-editor\" data-id=\"ac441bf\" data-element_type=\"widget\" data-e-type=\"widget\" data-widget_type=\"text-editor.default\">\n\t\t\t\t\t\t\t\t\t<p>La <strong>visita alle Miniere di Rame di Montecatini con bambini<\/strong> \u00e8 possibile a partire dai 4 anni per il percorso del Parco Minerario, che non presenta particolari difficolt\u00e0 nonostante alcune scale lungo il tragitto. Servono scarpe chiuse e un indumento caldo, perch\u00e9 la temperatura in galleria \u00e8 sempre pi\u00f9 bassa rispetto all&#8217;esterno, anche in piena estate. I cani di piccola taglia sono ammessi, ma vanno tenuti in braccio durante l&#8217;attraversamento del tunnel.<\/p>\t\t\t\t\t\t\t\t<\/div>\n\t\t\t\t<\/div>\n\t\t\t\t<\/div>\n\t\t<div class=\"elementor-element elementor-element-7c6603d e-con-full e-flex e-con e-parent\" data-id=\"7c6603d\" data-element_type=\"container\" data-e-type=\"container\" data-settings=\"{&quot;background_background&quot;:&quot;classic&quot;}\">\n\t\t<div class=\"elementor-element elementor-element-4fbd4e5 e-con-full e-flex e-con e-child\" data-id=\"4fbd4e5\" data-element_type=\"container\" data-e-type=\"container\">\n\t\t\t\t<div class=\"elementor-element elementor-element-467ba34 elementor-widget elementor-widget-heading\" data-id=\"467ba34\" data-element_type=\"widget\" data-e-type=\"widget\" data-widget_type=\"heading.default\">\n\t\t\t\t\t<h2 class=\"elementor-heading-title elementor-size-default\">Dove dormire vicino alle Miniere di Rame di Montecatini<\/h2>\t\t\t\t<\/div>\n\t\t\t\t<div class=\"elementor-element elementor-element-baf4dde elementor-widget elementor-widget-text-editor\" data-id=\"baf4dde\" data-element_type=\"widget\" data-e-type=\"widget\" data-widget_type=\"text-editor.default\">\n\t\t\t\t\t\t\t\t\t<p>Chi organizza una gita alle miniere spesso cerca anche dove fermarsi per la notte, per godersi il territorio con calma invece di rientrare in giornata. A un chilometro dall&#8217;ingresso del <strong>parco delle Miniere di Rame di Montecatini<\/strong>, nel borgo medievale di Montecatini Val di Cecina, si trovano gli Appartamenti Rina e Silvano &#8220;Dai Nonni&#8221;: due alloggi che portano il nome dei nonni di famiglia.<\/p><p><a href=\"https:\/\/www.dainonni.it\/montecatini\/appartamenti\/appartamento-rina\/\" target=\"_blank\" rel=\"noopener\">\u201cRina\u201d \u00e8 l&#8217;appartamento dallo stile contemporaneo<\/a>, con cucina open space e pu\u00f2 accogliere fino a 5 ospiti.<br \/>L\u2019<a href=\"https:\/\/www.dainonni.it\/montecatini\/appartamenti\/appartamento-silvano\/\" target=\"_blank\" rel=\"noopener\">appartamento \u201cSilvano\u201d<\/a> conserva l&#8217;atmosfera rustica di un tempo, con un camino funzionante raro da trovare nel borgo. I due appartamenti si possono unire per gruppi fino a 10 persone, ideali per famiglie che vogliono visitare le miniere insieme a pi\u00f9 generazioni.<\/p>\t\t\t\t\t\t\t\t<\/div>\n\t\t\t\t<\/div>\n\t\t<div class=\"elementor-element elementor-element-4c76428 e-con-full e-flex e-con e-child\" data-id=\"4c76428\" data-element_type=\"container\" data-e-type=\"container\">\n\t\t\t\t<div class=\"elementor-element elementor-element-939ce54 elementor-widget elementor-widget-image\" data-id=\"939ce54\" data-element_type=\"widget\" data-e-type=\"widget\" data-widget_type=\"image.default\">\n\t\t\t\t\t\t\t\t\t\t\t\t\t\t\t<img loading=\"lazy\" decoding=\"async\" width=\"970\" height=\"650\" src=\"https:\/\/www.dainonni.it\/montecatini\/wp-content\/uploads\/2026\/07\/miniere-di-rame-di-montecatini-dove-dormire.jpg\" class=\"attachment-large size-large wp-image-1160\" alt=\"miniere di rame di montecatini dove dormire\" srcset=\"https:\/\/www.dainonni.it\/montecatini\/wp-content\/uploads\/2026\/07\/miniere-di-rame-di-montecatini-dove-dormire.jpg 970w, https:\/\/www.dainonni.it\/montecatini\/wp-content\/uploads\/2026\/07\/miniere-di-rame-di-montecatini-dove-dormire-300x201.jpg 300w, https:\/\/www.dainonni.it\/montecatini\/wp-content\/uploads\/2026\/07\/miniere-di-rame-di-montecatini-dove-dormire-768x515.jpg 768w\" sizes=\"(max-width: 970px) 100vw, 970px\" \/>\t\t\t\t\t\t\t\t\t\t\t\t\t\t\t<\/div>\n\t\t\t\t<\/div>\n\t\t\t\t<\/div>\n\t\t<div class=\"elementor-element elementor-element-59cfac1 e-con-full e-flex e-con e-parent\" data-id=\"59cfac1\" data-element_type=\"container\" data-e-type=\"container\" data-settings=\"{&quot;background_background&quot;:&quot;classic&quot;}\">\n\t\t<div class=\"elementor-element elementor-element-2cbbb79 e-con-full e-flex e-con e-child\" data-id=\"2cbbb79\" data-element_type=\"container\" data-e-type=\"container\">\n\t\t\t\t<div class=\"elementor-element elementor-element-926e6db elementor-widget elementor-widget-text-editor\" data-id=\"926e6db\" data-element_type=\"widget\" data-e-type=\"widget\" data-widget_type=\"text-editor.default\">\n\t\t\t\t\t\t\t\t\t<p>A due minuti a piedi, <a href=\"https:\/\/www.ristorantelaterrazzasulborgo.it\/montecatini\/\" target=\"_blank\" rel=\"noopener nofollow\">\u201cLa Terrazza sul Borgo\u201d<\/a>, il ristorante di famiglia guidato da Licia dal 1980 e primo su TripAdvisor tra i locali della zona, propone la cucina tipica toscana con uno sconto del 20% riservato agli ospiti di \u201cRina e Silvano\u201d. Prenotando direttamente via WhatsApp con Agnese si ha la migliore tariffa rispetto a quelle delle piattaforme online.<\/p>\t\t\t\t\t\t\t\t<\/div>\n\t\t\t\t<div class=\"elementor-element elementor-element-7c13c30 elementor-widget elementor-widget-text-editor\" data-id=\"7c13c30\" data-element_type=\"widget\" data-e-type=\"widget\" data-widget_type=\"text-editor.default\">\n\t\t\t\t\t\t\t\t\t<p>Una nuova storia, le stesse radici: scopri gli <a href=\"https:\/\/www.dainonni.it\/montecatini\/\" target=\"_blank\" rel=\"noopener\">Appartamenti Rina e Silvano su dainonni.it<\/a> e prenota il tuo soggiorno a un passo dalle Miniere di Rame di Montecatini.<\/p>\t\t\t\t\t\t\t\t<\/div>\n\t\t\t\t<\/div>\n\t\t\t\t<\/div>\n\t\t<div class=\"elementor-element elementor-element-9c6d21b e-con-full e-flex e-con e-parent\" data-id=\"9c6d21b\" data-element_type=\"container\" data-e-type=\"container\" data-settings=\"{&quot;background_background&quot;:&quot;classic&quot;}\">\n\t\t<div class=\"elementor-element elementor-element-291fec2 e-con-full e-flex e-con e-child\" data-id=\"291fec2\" data-element_type=\"container\" data-e-type=\"container\">\n\t\t\t\t<div class=\"elementor-element elementor-element-64ef0d6 elementor-widget elementor-widget-heading\" data-id=\"64ef0d6\" data-element_type=\"widget\" data-e-type=\"widget\" data-widget_type=\"heading.default\">\n\t\t\t\t\t<h2 class=\"elementor-heading-title elementor-size-default\">Cosa vedere vicino alle Miniere di Rame di Montecatini: itinerario in Val di Cecina<\/h2>\t\t\t\t<\/div>\n\t\t\t\t<div class=\"elementor-element elementor-element-2c132b2 elementor-widget elementor-widget-text-editor\" data-id=\"2c132b2\" data-element_type=\"widget\" data-e-type=\"widget\" data-widget_type=\"text-editor.default\">\n\t\t\t\t\t\t\t\t\t<p>La visita alle miniere si presta a essere abbinata ad altre tappe della Val di Cecina, per costruire un itinerario di uno o pi\u00f9 giorni senza spostarsi troppo in auto.<\/p><ul><li>Centro storico di Montecatini Val di Cecina: la Torre dei Belforti e il borgo medievale, a un chilometro dalla miniera.<\/li><li>Volterra: a circa 15 minuti d&#8217;auto, con il <a href=\"https:\/\/www.comune.volterra.pi.it\/vivere-il-comune\/luoghi\/museo-etrusco-guarnacci\/\" target=\"_blank\" rel=\"nofollow noopener\">Museo Etrusco Guarnacci<\/a> e i laboratori di alabastro.<\/li><li>Riserva Naturale Monterufoli-Caselli: per chi vuole abbinare la storia mineraria a una passeggiata nella natura delle Colline Metallifere.<\/li><li><a href=\"https:\/\/www.visitgeotermia.com\/\" target=\"_blank\" rel=\"nofollow noopener\">Larderello e i soffioni geotermici<\/a>: un altro capitolo dell&#8217;archeologia industriale toscana, a pochi minuti di distanza.<\/li><li><a href=\"https:\/\/www.teatrodelsilenzio.it\/\" target=\"_blank\" rel=\"nofollow noopener\">Teatro del Silenzio di Lajatico<\/a>: a circa 20 minuti, per chi visita in occasione dei concerti estivi.<\/li><\/ul>\t\t\t\t\t\t\t\t<\/div>\n\t\t\t\t<\/div>\n\t\t<div class=\"elementor-element elementor-element-40b757a e-con-full e-flex e-con e-child\" data-id=\"40b757a\" data-element_type=\"container\" data-e-type=\"container\">\n\t\t\t\t<div class=\"elementor-element elementor-element-809dbca elementor-widget elementor-widget-image\" data-id=\"809dbca\" data-element_type=\"widget\" data-e-type=\"widget\" data-widget_type=\"image.default\">\n\t\t\t\t\t\t\t\t\t\t\t\t\t\t\t<img loading=\"lazy\" decoding=\"async\" width=\"900\" height=\"650\" src=\"https:\/\/www.dainonni.it\/montecatini\/wp-content\/uploads\/2026\/07\/miniere-di-rame-di-montecatini-geotermia-larderello.jpg\" class=\"attachment-large size-large wp-image-1161\" alt=\"miniere di rame di montecatini geotermia larderello\" srcset=\"https:\/\/www.dainonni.it\/montecatini\/wp-content\/uploads\/2026\/07\/miniere-di-rame-di-montecatini-geotermia-larderello.jpg 900w, https:\/\/www.dainonni.it\/montecatini\/wp-content\/uploads\/2026\/07\/miniere-di-rame-di-montecatini-geotermia-larderello-300x217.jpg 300w, https:\/\/www.dainonni.it\/montecatini\/wp-content\/uploads\/2026\/07\/miniere-di-rame-di-montecatini-geotermia-larderello-768x555.jpg 768w\" sizes=\"(max-width: 900px) 100vw, 900px\" \/>\t\t\t\t\t\t\t\t\t\t\t\t\t\t\t<\/div>\n\t\t\t\t<\/div>\n\t\t\t\t<\/div>\n\t\t<div class=\"elementor-element elementor-element-c36ca0a e-con-full e-flex e-con e-parent\" data-id=\"c36ca0a\" data-element_type=\"container\" data-e-type=\"container\" data-settings=\"{&quot;background_background&quot;:&quot;classic&quot;}\">\n\t\t<div class=\"elementor-element elementor-element-8abda32 e-con-full e-flex e-con e-child\" data-id=\"8abda32\" data-element_type=\"container\" data-e-type=\"container\">\n\t\t\t\t<div class=\"elementor-element elementor-element-a7144b5 elementor-widget elementor-widget-text-editor\" data-id=\"a7144b5\" data-element_type=\"widget\" data-e-type=\"widget\" data-widget_type=\"text-editor.default\">\n\t\t\t\t\t\t\t\t\t<p>Il Museo delle Miniere fa parte di un pi\u00f9 ampio sistema museale del territorio, insieme al Museo Etrusco Guarnacci e all&#8217;<a href=\"https:\/\/www.museidivolterra.com\/ecomuseo-dell-alabastro\" target=\"_blank\" rel=\"nofollow noopener\">Ecomuseo dell&#8217;Alabastro di Volterra<\/a> e al Museo della Geotermia di Larderello: un motivo in pi\u00f9 per fermarsi qualche giorno in Val di Cecina invece di limitarsi a una tappa mordi e fuggi.<\/p>\t\t\t\t\t\t\t\t<\/div>\n\t\t\t\t<div class=\"elementor-element elementor-element-763b01c elementor-widget elementor-widget-heading\" data-id=\"763b01c\" data-element_type=\"widget\" data-e-type=\"widget\" data-widget_type=\"heading.default\">\n\t\t\t\t\t<h3 class=\"elementor-heading-title elementor-size-default\">Miniere di Rame di Montecatini notizie<\/h3>\t\t\t\t<\/div>\n\t\t\t\t<div class=\"elementor-element elementor-element-8555067 elementor-widget elementor-widget-text-editor\" data-id=\"8555067\" data-element_type=\"widget\" data-e-type=\"widget\" data-widget_type=\"text-editor.default\">\n\t\t\t\t\t\t\t\t\t<p>Per restare aggiornati sulle <strong>Miniere di Rame di Montecatini e notizie<\/strong> su nuove aperture, eventi stagionali o modifiche a orari e prezzi, conviene consultare periodicamente il sito ufficiale del museo: un punto di riferimento utile soprattutto per chi organizza la visita in un periodo di transizione tra una stagione e l&#8217;altra.<\/p>\t\t\t\t\t\t\t\t<\/div>\n\t\t\t\t<\/div>\n\t\t\t\t<\/div>\n\t\t<div class=\"elementor-element elementor-element-9fb48cd e-con-full e-flex e-con e-parent\" data-id=\"9fb48cd\" data-element_type=\"container\" data-e-type=\"container\" data-settings=\"{&quot;background_background&quot;:&quot;classic&quot;}\">\n\t\t<div class=\"elementor-element elementor-element-9efd8de e-con-full e-flex e-con e-child\" data-id=\"9efd8de\" data-element_type=\"container\" data-e-type=\"container\">\n\t\t\t\t<div class=\"elementor-element elementor-element-8dc9aeb elementor-widget elementor-widget-heading\" data-id=\"8dc9aeb\" data-element_type=\"widget\" data-e-type=\"widget\" data-widget_type=\"heading.default\">\n\t\t\t\t\t<h3 class=\"elementor-heading-title elementor-size-default\">Miniere di Rame di Montecatini eventi<\/h3>\t\t\t\t<\/div>\n\t\t\t\t<div class=\"elementor-element elementor-element-f442a29 elementor-widget elementor-widget-text-editor\" data-id=\"f442a29\" data-element_type=\"widget\" data-e-type=\"widget\" data-widget_type=\"text-editor.default\">\n\t\t\t\t\t\t\t\t\t<p>Il <strong>calendario eventi delle Miniere di Rame di Montecatini<\/strong> si arricchisce soprattutto nei mesi estivi, con aperture straordinarie serali e, in alcune occasioni, cene a lume di candela allestite direttamente all&#8217;interno della miniera. Un modo diverso di vivere il sito, lontano dagli orari classici e immerso in un&#8217;atmosfera quasi sospesa nel tempo.<\/p>\t\t\t\t\t\t\t\t<\/div>\n\t\t\t\t<\/div>\n\t\t\t\t<\/div>\n\t\t<div class=\"elementor-element elementor-element-5d25727 e-con-full e-flex e-con e-parent\" data-id=\"5d25727\" data-element_type=\"container\" data-e-type=\"container\" data-settings=\"{&quot;background_background&quot;:&quot;classic&quot;}\">\n\t\t<div class=\"elementor-element elementor-element-3440253 e-con-full e-flex e-con e-child\" data-id=\"3440253\" data-element_type=\"container\" data-e-type=\"container\">\n\t\t\t\t<div class=\"elementor-element elementor-element-28ad8f1 elementor-align-center elementor-widget elementor-widget-button\" data-id=\"28ad8f1\" data-element_type=\"widget\" data-e-type=\"widget\" data-widget_type=\"button.default\">\n\t\t\t\t\t\t\t\t\t\t<a class=\"elementor-button elementor-button-link elementor-size-sm\" href=\"https:\/\/www.museodelleminieremontecatini.it\/prenota-online\/la-miniera-al-chiar-di-luna\/\" target=\"_blank\" rel=\"nofollow noopener\">\n\t\t\t\t\t\t<span class=\"elementor-button-content-wrapper\">\n\t\t\t\t\t\t<span class=\"elementor-button-icon\">\n\t\t\t\t<svg aria-hidden=\"true\" class=\"e-font-icon-svg e-fas-moon\" viewBox=\"0 0 512 512\" xmlns=\"http:\/\/www.w3.org\/2000\/svg\"><path d=\"M283.211 512c78.962 0 151.079-35.925 198.857-94.792 7.068-8.708-.639-21.43-11.562-19.35-124.203 23.654-238.262-71.576-238.262-196.954 0-72.222 38.662-138.635 101.498-174.394 9.686-5.512 7.25-20.197-3.756-22.23A258.156 258.156 0 0 0 283.211 0c-141.309 0-256 114.511-256 256 0 141.309 114.511 256 256 256z\"><\/path><\/svg>\t\t\t<\/span>\n\t\t\t\t\t\t\t\t\t<span class=\"elementor-button-text\">Scopri le cene in Miniera<\/span>\n\t\t\t\t\t<\/span>\n\t\t\t\t\t<\/a>\n\t\t\t\t\t\t\t\t<\/div>\n\t\t\t\t<\/div>\n\t\t\t\t<\/div>\n\t\t<div class=\"elementor-element elementor-element-9d86ccd e-con-full e-flex e-con e-parent\" data-id=\"9d86ccd\" data-element_type=\"container\" data-e-type=\"container\" data-settings=\"{&quot;background_background&quot;:&quot;classic&quot;}\">\n\t\t<div class=\"elementor-element elementor-element-e41dc52 e-con-full e-flex e-con e-child\" data-id=\"e41dc52\" data-element_type=\"container\" data-e-type=\"container\">\n\t\t\t\t<div class=\"elementor-element elementor-element-d028cd7 elementor-widget elementor-widget-heading\" data-id=\"d028cd7\" data-element_type=\"widget\" data-e-type=\"widget\" data-widget_type=\"heading.default\">\n\t\t\t\t\t<h3 class=\"elementor-heading-title elementor-size-default\">Miniere di Rame di Montecatini qui vicino<\/h3>\t\t\t\t<\/div>\n\t\t\t\t<div class=\"elementor-element elementor-element-bccc47b elementor-widget elementor-widget-text-editor\" data-id=\"bccc47b\" data-element_type=\"widget\" data-e-type=\"widget\" data-widget_type=\"text-editor.default\">\n\t\t\t\t\t\t\t\t\t<p>Se stai cercando le <strong>Miniere di Rame di Montecatini qui vicino<\/strong>, la buona notizia \u00e8 che il sito si trova a poco pi\u00f9 di un chilometro dal centro storico di Montecatini Val di Cecina, facilmente raggiungibile a piedi o in pochi minuti d&#8217;auto da chi soggiorna nel borgo. Una distanza minima che rende naturale abbinare la visita alle miniere a una passeggiata tra le vie medievali del paese.<\/p>\t\t\t\t\t\t\t\t<\/div>\n\t\t\t\t<\/div>\n\t\t\t\t<\/div>\n\t\t<div class=\"elementor-element elementor-element-6c5febb e-con-full e-flex e-con e-parent\" data-id=\"6c5febb\" data-element_type=\"container\" data-e-type=\"container\" data-settings=\"{&quot;background_background&quot;:&quot;classic&quot;}\">\n\t\t<div class=\"elementor-element elementor-element-878aa80 e-con-full e-flex e-con e-child\" data-id=\"878aa80\" data-element_type=\"container\" data-e-type=\"container\">\n\t\t\t\t<div class=\"elementor-element elementor-element-333ca8b elementor-widget elementor-widget-heading\" data-id=\"333ca8b\" data-element_type=\"widget\" data-e-type=\"widget\" data-widget_type=\"heading.default\">\n\t\t\t\t\t<h3 class=\"elementor-heading-title elementor-size-default\">Miniere di Rame di Montecatini e dintorni<\/h3>\t\t\t\t<\/div>\n\t\t\t\t<div class=\"elementor-element elementor-element-41853f1 elementor-widget elementor-widget-text-editor\" data-id=\"41853f1\" data-element_type=\"widget\" data-e-type=\"widget\" data-widget_type=\"text-editor.default\">\n\t\t\t\t\t\t\t\t\t<p>Le <strong>Miniere di Rame di Montecatini e dintorni<\/strong> offrono molto pi\u00f9 di una singola tappa: a pochi minuti si raggiungono Volterra e i suoi musei etruschi, la Riserva Naturale di Monterufoli-Caselli e i borghi minori della Val di Cecina. Un territorio che si presta a essere esplorato con calma, alternando storia mineraria, natura e piccoli paesi fuori dai circuiti pi\u00f9 battuti.<\/p>\t\t\t\t\t\t\t\t<\/div>\n\t\t\t\t<\/div>\n\t\t\t\t<\/div>\n\t\t<div class=\"elementor-element elementor-element-41cda0d e-con-full e-flex e-con e-parent\" data-id=\"41cda0d\" data-element_type=\"container\" data-e-type=\"container\" data-settings=\"{&quot;background_background&quot;:&quot;classic&quot;}\">\n\t\t<div class=\"elementor-element elementor-element-231543b e-con-full e-flex e-con e-child\" data-id=\"231543b\" data-element_type=\"container\" data-e-type=\"container\">\n\t\t\t\t<div class=\"elementor-element elementor-element-2db9282 elementor-widget elementor-widget-heading\" data-id=\"2db9282\" data-element_type=\"widget\" data-e-type=\"widget\" data-widget_type=\"heading.default\">\n\t\t\t\t\t<h2 class=\"elementor-heading-title elementor-size-default\">Domande frequenti sulle Miniere di Rame di Montecatini<\/h2>\t\t\t\t<\/div>\n\t\t\t\t<div class=\"elementor-element elementor-element-b353c8f elementor-widget elementor-widget-text-editor\" data-id=\"b353c8f\" data-element_type=\"widget\" data-e-type=\"widget\" data-widget_type=\"text-editor.default\">\n\t\t\t\t\t\t\t\t\t<p><em><strong>Quanto dura la visita guidata alle Miniere di Rame di Montecatini?<\/strong><\/em><br \/>Il percorso del Parco Minerario, tra gallerie ed edifici storici, dura circa un&#8217;ora e un quarto. La visita che include invece anche la Discenderia richiede circa due ore complessive.<\/p><p><em><strong>Le Miniere di Rame di Montecatini si possono visitare senza guida?<\/strong><\/em><br \/>No, l&#8217;<strong>accesso alle Miniere di Rame di Montecatini<\/strong> \u00e8 consentito solo tramite visita guidata, su prenotazione, per motivi di sicurezza legati agli ambienti sotterranei.<\/p><p><strong><em>\u00c8 adatta a una gita in famiglia con bambini piccoli?<\/em><\/strong><br \/>S\u00ec, il percorso del Parco Minerario \u00e8 accessibile ai bambini a partire dai 4 anni e non presenta particolari difficolt\u00e0. La Discenderia, pi\u00f9 impegnativa, \u00e8 invece pensata per ragazzi dai 12 anni accompagnati da un adulto.<\/p><p><strong><em>Quanto distano gli Appartamenti \u201cDai Nonni\u201d dalle Miniere di Rame di Montecatini?<\/em><\/strong><br \/>Gli Appartamenti \u201cRina\u201d e \u201cSilvano\u201d si trovano a circa un chilometro dall&#8217;ingresso del parco minerario, nel borgo di Montecatini Val di Cecina: pochi minuti a piedi o in auto.<\/p><p><em><strong>Qual \u00e8 il periodo migliore per visitare le miniere?<\/strong><\/em><br \/>Il sito \u00e8 aperto nei mesi primaverili ed estivi. In estate sono previste aperture serali, con la possibilit\u00e0 di vivere un&#8217;atmosfera ancora pi\u00f9 suggestiva tra le gallerie illuminate solo dalle torce.<\/p>\t\t\t\t\t\t\t\t<\/div>\n\t\t\t\t<\/div>\n\t\t\t\t<\/div>\n\t\t<div class=\"elementor-element elementor-element-4216347 e-con-full e-flex e-con e-parent\" data-id=\"4216347\" data-element_type=\"container\" data-e-type=\"container\" data-settings=\"{&quot;background_background&quot;:&quot;classic&quot;}\">\n\t\t<div class=\"elementor-element elementor-element-917cb00 e-con-full e-flex e-con e-child\" data-id=\"917cb00\" data-element_type=\"container\" data-e-type=\"container\">\n\t\t\t\t<div class=\"elementor-element elementor-element-f74baab elementor-align-center elementor-widget elementor-widget-button\" data-id=\"f74baab\" data-element_type=\"widget\" data-e-type=\"widget\" data-widget_type=\"button.default\">\n\t\t\t\t\t\t\t\t\t\t<a class=\"elementor-button elementor-button-link elementor-size-sm\" href=\"https:\/\/www.dainonni.it\/montecatini\/prenotazione\/\" target=\"_blank\" rel=\"nofollow\">\n\t\t\t\t\t\t<span class=\"elementor-button-content-wrapper\">\n\t\t\t\t\t\t<span class=\"elementor-button-icon\">\n\t\t\t\t<svg aria-hidden=\"true\" class=\"e-font-icon-svg e-fas-book\" viewBox=\"0 0 448 512\" xmlns=\"http:\/\/www.w3.org\/2000\/svg\"><path d=\"M448 360V24c0-13.3-10.7-24-24-24H96C43 0 0 43 0 96v320c0 53 43 96 96 96h328c13.3 0 24-10.7 24-24v-16c0-7.5-3.5-14.3-8.9-18.7-4.2-15.4-4.2-59.3 0-74.7 5.4-4.3 8.9-11.1 8.9-18.6zM128 134c0-3.3 2.7-6 6-6h212c3.3 0 6 2.7 6 6v20c0 3.3-2.7 6-6 6H134c-3.3 0-6-2.7-6-6v-20zm0 64c0-3.3 2.7-6 6-6h212c3.3 0 6 2.7 6 6v20c0 3.3-2.7 6-6 6H134c-3.3 0-6-2.7-6-6v-20zm253.4 250H96c-17.7 0-32-14.3-32-32 0-17.6 14.4-32 32-32h285.4c-1.9 17.1-1.9 46.9 0 64z\"><\/path><\/svg>\t\t\t<\/span>\n\t\t\t\t\t\t\t\t\t<span class=\"elementor-button-text\">Prenota \u201cDai Nonni\u201d, ad un passo dalle miniere<\/span>\n\t\t\t\t\t<\/span>\n\t\t\t\t\t<\/a>\n\t\t\t\t\t\t\t\t<\/div>\n\t\t\t\t<\/div>\n\t\t\t\t<\/div>\n\t\t\t\t<\/div>\n\t\t","protected":false},"excerpt":{"rendered":"<p>Le Miniere di Rame di Montecatini: visita guidata tra storia e underground Quali sono le miniere di rame in Toscana? C&#8217;\u00e8 un luogo, vicino Volterra, dove la Toscana smette di essere solo colline e cipressi e diventa buio, silenzio e roccia scavata a mano. Le Miniere di Rame di Montecatini Val di Cecina sono questo:&hellip;&nbsp;<a href=\"https:\/\/www.dainonni.it\/montecatini\/miniere-di-rame-di-montecatini\/\" rel=\"bookmark\"><span class=\"screen-reader-text\">Le Miniere di Rame di Montecatini<\/span><\/a><\/p>\n","protected":false},"author":2,"featured_media":1152,"comment_status":"open","ping_status":"open","sticky":false,"template":"elementor_header_footer","format":"standard","meta":{"neve_meta_sidebar":"","neve_meta_container":"","neve_meta_enable_content_width":"off","neve_meta_content_width":70,"neve_meta_title_alignment":"","neve_meta_author_avatar":"","neve_post_elements_order":"","neve_meta_disable_header":"","neve_meta_disable_footer":"","neve_meta_disable_title":"","neve_meta_reading_time":"","footnotes":""},"categories":[1],"tags":[],"class_list":["post-1116","post","type-post","status-publish","format-standard","has-post-thumbnail","hentry","category-diario-dei-nonni"],"_links":{"self":[{"href":"https:\/\/www.dainonni.it\/montecatini\/wp-json\/wp\/v2\/posts\/1116","targetHints":{"allow":["GET"]}}],"collection":[{"href":"https:\/\/www.dainonni.it\/montecatini\/wp-json\/wp\/v2\/posts"}],"about":[{"href":"https:\/\/www.dainonni.it\/montecatini\/wp-json\/wp\/v2\/types\/post"}],"author":[{"embeddable":true,"href":"https:\/\/www.dainonni.it\/montecatini\/wp-json\/wp\/v2\/users\/2"}],"replies":[{"embeddable":true,"href":"https:\/\/www.dainonni.it\/montecatini\/wp-json\/wp\/v2\/comments?post=1116"}],"version-history":[{"count":40,"href":"https:\/\/www.dainonni.it\/montecatini\/wp-json\/wp\/v2\/posts\/1116\/revisions"}],"predecessor-version":[{"id":1165,"href":"https:\/\/www.dainonni.it\/montecatini\/wp-json\/wp\/v2\/posts\/1116\/revisions\/1165"}],"wp:featuredmedia":[{"embeddable":true,"href":"https:\/\/www.dainonni.it\/montecatini\/wp-json\/wp\/v2\/media\/1152"}],"wp:attachment":[{"href":"https:\/\/www.dainonni.it\/montecatini\/wp-json\/wp\/v2\/media?parent=1116"}],"wp:term":[{"taxonomy":"category","embeddable":true,"href":"https:\/\/www.dainonni.it\/montecatini\/wp-json\/wp\/v2\/categories?post=1116"},{"taxonomy":"post_tag","embeddable":true,"href":"https:\/\/www.dainonni.it\/montecatini\/wp-json\/wp\/v2\/tags?post=1116"}],"curies":[{"name":"wp","href":"https:\/\/api.w.org\/{rel}","templated":true}]}}